{"id":6234,"date":"2015-08-31T23:48:22","date_gmt":"2015-08-31T21:48:22","guid":{"rendered":"https:\/\/ferrocanor.com\/blog\/sin-categorizar\/muntatge-sense-obra-de-coberta-alumini-2\/"},"modified":"2018-03-11T19:06:14","modified_gmt":"2018-03-11T18:06:14","slug":"montaje-sin-obra-de-cubierta-de-aluminio","status":"publish","type":"post","link":"https:\/\/ferrocanor.com\/es\/blog\/proyectos\/montaje-sin-obra-de-cubierta-de-aluminio\/","title":{"rendered":"Montaje sin obra de cubierta de aluminio"},"content":{"rendered":"<p>Empezamos con un montaje sin obra de cubierta de aluminio,<br \/>\npara mostrar que no siempre es necesario entrar en molestas obras en casa.<br \/>\nSe quer\u00eda cubrir una terraza para poder aprovecharla con una cubierta y ventanas de aluminio, as\u00ed que nos pusimos manos a la obra.<br \/>\nPrimero fabricamos las ventanas de aluminio color blanco en nuestro taller. Y una vez que las tuvimos preparadas iniciamos el montaje de la veranda.<br \/>\nEl primer paso fue la colocaci\u00f3n de las ventanas y en cuanto las tuvimos en su sitio nos dispusimos a cubrir la terraza.<\/p>\n<p><a href=\"https:\/\/ferrocanor.com\/wp-content\/uploads\/2015\/08\/montaje-cubierta-1.jpg\" data-rel=\"lightbox-image-0\" data-rl_title=\"\" data-rl_caption=\"\" title=\"\"><img loading=\"lazy\" decoding=\"async\" class=\"alignleft size-medium wp-image-6211\" src=\"https:\/\/ferrocanor.com\/wp-content\/uploads\/2015\/08\/montaje-cubierta-1-300x225.jpg\" alt=\"montaje-cubierta-1\" width=\"300\" height=\"225\" srcset=\"https:\/\/ferrocanor.com\/wp-content\/uploads\/2015\/08\/montaje-cubierta-1-300x225.jpg 300w, https:\/\/ferrocanor.com\/wp-content\/uploads\/2015\/08\/montaje-cubierta-1-768x576.jpg 768w, https:\/\/ferrocanor.com\/wp-content\/uploads\/2015\/08\/montaje-cubierta-1-250x188.jpg 250w, https:\/\/ferrocanor.com\/wp-content\/uploads\/2015\/08\/montaje-cubierta-1.jpg 1000w\" sizes=\"(max-width: 300px) 100vw, 300px\" \/><\/a> <a href=\"https:\/\/ferrocanor.com\/wp-content\/uploads\/2015\/08\/montaje-cubierta-2.jpg\" data-rel=\"lightbox-image-1\" data-rl_title=\"\" data-rl_caption=\"\" title=\"\"><img loading=\"lazy\" decoding=\"async\" class=\"alignright size-medium wp-image-6217\" src=\"https:\/\/ferrocanor.com\/wp-content\/uploads\/2015\/08\/montaje-cubierta-2-300x225.jpg\" alt=\"montaje-cubierta-2\" width=\"300\" height=\"225\" srcset=\"https:\/\/ferrocanor.com\/wp-content\/uploads\/2015\/08\/montaje-cubierta-2-300x225.jpg 300w, https:\/\/ferrocanor.com\/wp-content\/uploads\/2015\/08\/montaje-cubierta-2-768x576.jpg 768w, https:\/\/ferrocanor.com\/wp-content\/uploads\/2015\/08\/montaje-cubierta-2-250x188.jpg 250w, https:\/\/ferrocanor.com\/wp-content\/uploads\/2015\/08\/montaje-cubierta-2.jpg 1000w\" sizes=\"(max-width: 300px) 100vw, 300px\" \/><\/a><\/p>\n<p>&nbsp;<\/p>\n<p>&nbsp;<\/p>\n<p>&nbsp;<\/p>\n<p>&nbsp;<\/p>\n<p>&nbsp;<\/p>\n<p>&nbsp;<\/p>\n<p>&nbsp;<\/p>\n<p>Utilizamos paneles autoportantes de aluminio de 52mm de espesor y color blanco, los cuales proporcionan un buen aislamiento t\u00e9rmico y no necesitan ninguna vigueta ni tubo extra de refuerzo por la parte inferior quedando el techo liso.<\/p>\n<p><a href=\"https:\/\/ferrocanor.com\/wp-content\/uploads\/2015\/08\/montaje-cubierta-3.jpg\" data-rel=\"lightbox-image-2\" data-rl_title=\"\" data-rl_caption=\"\" title=\"\"><img loading=\"lazy\" decoding=\"async\" class=\"alignleft size-medium wp-image-6214\" src=\"https:\/\/ferrocanor.com\/wp-content\/uploads\/2015\/08\/montaje-cubierta-3-300x225.jpg\" alt=\"montaje-cubierta-3\" width=\"300\" height=\"225\" srcset=\"https:\/\/ferrocanor.com\/wp-content\/uploads\/2015\/08\/montaje-cubierta-3-300x225.jpg 300w, https:\/\/ferrocanor.com\/wp-content\/uploads\/2015\/08\/montaje-cubierta-3-768x576.jpg 768w, https:\/\/ferrocanor.com\/wp-content\/uploads\/2015\/08\/montaje-cubierta-3-250x188.jpg 250w, https:\/\/ferrocanor.com\/wp-content\/uploads\/2015\/08\/montaje-cubierta-3.jpg 1000w\" sizes=\"(max-width: 300px) 100vw, 300px\" \/><\/a> <a href=\"https:\/\/ferrocanor.com\/wp-content\/uploads\/2015\/08\/montaje-cubierta-4.jpg\" data-rel=\"lightbox-image-3\" data-rl_title=\"\" data-rl_caption=\"\" title=\"\"><img loading=\"lazy\" decoding=\"async\" class=\"alignright size-medium wp-image-6220\" src=\"https:\/\/ferrocanor.com\/wp-content\/uploads\/2015\/08\/montaje-cubierta-4-300x225.jpg\" alt=\"montaje-cubierta-4\" width=\"300\" height=\"225\" srcset=\"https:\/\/ferrocanor.com\/wp-content\/uploads\/2015\/08\/montaje-cubierta-4-300x225.jpg 300w, https:\/\/ferrocanor.com\/wp-content\/uploads\/2015\/08\/montaje-cubierta-4-768x576.jpg 768w, https:\/\/ferrocanor.com\/wp-content\/uploads\/2015\/08\/montaje-cubierta-4-250x188.jpg 250w, https:\/\/ferrocanor.com\/wp-content\/uploads\/2015\/08\/montaje-cubierta-4.jpg 1000w\" sizes=\"(max-width: 300px) 100vw, 300px\" \/><\/a><\/p>\n<p>&nbsp;<\/p>\n<p>&nbsp;<\/p>\n<p>&nbsp;<\/p>\n<p>&nbsp;<\/p>\n<p>&nbsp;<\/p>\n<p>&nbsp;<\/p>\n<p>&nbsp;<\/p>\n<p>En cuanto se termin\u00f3 de colocar el \u00faltimo panel, se hicieron los \u00faltimos remates para que el acabado sea perfecto y se colocaron los cristales.<br \/>\nY as\u00ed qued\u00f3, un lugar extra en la casa bien aislado y elegante sin realizar obras.<\/p>\n<p><a href=\"https:\/\/ferrocanor.com\/wp-content\/uploads\/2015\/08\/montaje-cubierta-5.jpg\" data-rel=\"lightbox-image-4\" data-rl_title=\"\" data-rl_caption=\"\" title=\"\"><img loading=\"lazy\" decoding=\"async\" class=\"alignleft size-medium wp-image-6226\" src=\"https:\/\/ferrocanor.com\/wp-content\/uploads\/2015\/08\/montaje-cubierta-5-300x225.jpg\" alt=\"\" width=\"300\" height=\"225\" srcset=\"https:\/\/ferrocanor.com\/wp-content\/uploads\/2015\/08\/montaje-cubierta-5-300x225.jpg 300w, https:\/\/ferrocanor.com\/wp-content\/uploads\/2015\/08\/montaje-cubierta-5-768x576.jpg 768w, https:\/\/ferrocanor.com\/wp-content\/uploads\/2015\/08\/montaje-cubierta-5-250x188.jpg 250w, https:\/\/ferrocanor.com\/wp-content\/uploads\/2015\/08\/montaje-cubierta-5.jpg 1000w\" sizes=\"(max-width: 300px) 100vw, 300px\" \/><\/a> <a href=\"https:\/\/ferrocanor.com\/wp-content\/uploads\/2015\/08\/montaje-cubierta-6.jpg\" data-rel=\"lightbox-image-5\" data-rl_title=\"\" data-rl_caption=\"\" title=\"\"><img loading=\"lazy\" decoding=\"async\" class=\"alignright size-medium wp-image-6223\" src=\"https:\/\/ferrocanor.com\/wp-content\/uploads\/2015\/08\/montaje-cubierta-6-300x225.jpg\" alt=\"\" width=\"300\" height=\"225\" srcset=\"https:\/\/ferrocanor.com\/wp-content\/uploads\/2015\/08\/montaje-cubierta-6-300x225.jpg 300w, https:\/\/ferrocanor.com\/wp-content\/uploads\/2015\/08\/montaje-cubierta-6-768x576.jpg 768w, https:\/\/ferrocanor.com\/wp-content\/uploads\/2015\/08\/montaje-cubierta-6-250x188.jpg 250w, https:\/\/ferrocanor.com\/wp-content\/uploads\/2015\/08\/montaje-cubierta-6.jpg 1000w\" sizes=\"(max-width: 300px) 100vw, 300px\" \/><\/a><\/p>\n<p>&nbsp;<\/p>\n<p>&nbsp;<\/p>\n<p>&nbsp;<\/p>\n<p>&nbsp;<\/p>\n<p>&nbsp;<\/p>\n<p>&nbsp;<\/p>\n<p>&nbsp;<\/p>\n<p><a href=\"https:\/\/ferrocanor.com\/wp-content\/uploads\/2015\/08\/coberta-xabia-1.jpg\" rel=\"attachment wp-att-6918\" data-rel=\"lightbox-image-6\" data-rl_title=\"\" data-rl_caption=\"\" title=\"\"><img loading=\"lazy\" decoding=\"async\" class=\"alignleft wp-image-6918 size-medium\" src=\"https:\/\/ferrocanor.com\/wp-content\/uploads\/2015\/08\/coberta-xabia-1-300x225.jpg\" alt=\"Cubierta fija\" width=\"300\" height=\"225\" srcset=\"https:\/\/ferrocanor.com\/wp-content\/uploads\/2015\/08\/coberta-xabia-1-300x225.jpg 300w, https:\/\/ferrocanor.com\/wp-content\/uploads\/2015\/08\/coberta-xabia-1-768x576.jpg 768w, https:\/\/ferrocanor.com\/wp-content\/uploads\/2015\/08\/coberta-xabia-1-250x188.jpg 250w, https:\/\/ferrocanor.com\/wp-content\/uploads\/2015\/08\/coberta-xabia-1.jpg 1000w\" sizes=\"(max-width: 300px) 100vw, 300px\" \/><\/a> <a href=\"https:\/\/ferrocanor.com\/wp-content\/uploads\/2015\/08\/coberta-xabia-2-1.jpg\" rel=\"attachment wp-att-6921\" data-rel=\"lightbox-image-7\" data-rl_title=\"\" data-rl_caption=\"\" title=\"\"><img loading=\"lazy\" decoding=\"async\" class=\"alignright wp-image-6921 size-medium\" src=\"https:\/\/ferrocanor.com\/wp-content\/uploads\/2015\/08\/coberta-xabia-2-1-300x225.jpg\" alt=\"Interior de cubierta\" width=\"300\" height=\"225\" srcset=\"https:\/\/ferrocanor.com\/wp-content\/uploads\/2015\/08\/coberta-xabia-2-1-300x225.jpg 300w, https:\/\/ferrocanor.com\/wp-content\/uploads\/2015\/08\/coberta-xabia-2-1-768x576.jpg 768w, https:\/\/ferrocanor.com\/wp-content\/uploads\/2015\/08\/coberta-xabia-2-1-250x188.jpg 250w, https:\/\/ferrocanor.com\/wp-content\/uploads\/2015\/08\/coberta-xabia-2-1.jpg 1000w\" sizes=\"(max-width: 300px) 100vw, 300px\" \/><\/a><\/p>\n<p>&nbsp;<\/p>\n<p>&nbsp;<\/p>\n<p>&nbsp;<\/p>\n<p>&nbsp;<\/p>\n<p>&nbsp;<\/p>\n<p>&nbsp;<\/p>\n<p>&nbsp;<\/p>\n<p>Os dejamos un v\u00eddeo demostrativo del montaje.<br \/>\n<iframe loading=\"lazy\" title=\"montaje cubierta con paneles de aluminio\" width=\"500\" height=\"281\" src=\"https:\/\/www.youtube.com\/embed\/Aqo8HiHHsWk?feature=oembed\" frameborder=\"0\" allow=\"accelerometer; autoplay; clipboard-write; encrypted-media; gyroscope; picture-in-picture; web-share\" referrerpolicy=\"strict-origin-when-cross-origin\" allowfullscreen><\/iframe><\/p>\n","protected":false},"excerpt":{"rendered":"<p>Empezamos con un montaje sin obra de cubierta de aluminio, para mostrar que no siempre es necesario entrar en molestas obras en casa. Se quer\u00eda cubrir una terraza para poder aprovecharla con una cubierta y ventanas de aluminio, as\u00ed que nos pusimos manos a la obra. Primero fabricamos las ventanas de aluminio color blanco en [&hellip;]<\/p>\n","protected":false},"author":3,"featured_media":6223,"comment_status":"open","ping_status":"open","sticky":false,"template":"","format":"standard","meta":{"_monsterinsights_skip_tracking":false,"_monsterinsights_sitenote_active":false,"_monsterinsights_sitenote_note":"","_monsterinsights_sitenote_category":0,"footnotes":""},"categories":[21],"tags":[28,29,30,32,31],"yoast_head":"<!-- This site is optimized with the Yoast SEO plugin v22.9 - https:\/\/yoast.com\/wordpress\/plugins\/seo\/ -->\n<title>Montaje sin obra de cubierta de aluminio<\/title>\n<meta name=\"description\" content=\"Mostramos el montaje sin obra de cubierta de aluminio para cerrar una terraza y evitar las molestas obras. Cerramiento de techo y ventanas de aluminio.\" \/>\n<meta name=\"robots\" content=\"index, follow, max-snippet:-1, max-image-preview:large, max-video-preview:-1\" \/>\n<link rel=\"canonical\" href=\"https:\/\/ferrocanor.com\/es\/blog\/proyectos\/montaje-sin-obra-de-cubierta-de-aluminio\/\" \/>\n<meta property=\"og:locale\" content=\"es_ES\" \/>\n<meta property=\"og:type\" content=\"article\" \/>\n<meta property=\"og:title\" content=\"Montaje sin obra de cubierta de aluminio\" \/>\n<meta property=\"og:description\" content=\"Mostramos el montaje sin obra de cubierta de aluminio para cerrar una terraza y evitar las molestas obras. Cerramiento de techo y ventanas de aluminio.\" \/>\n<meta property=\"og:url\" content=\"https:\/\/ferrocanor.com\/es\/blog\/proyectos\/montaje-sin-obra-de-cubierta-de-aluminio\/\" \/>\n<meta property=\"og:site_name\" content=\"ferrocanor.com\" \/>\n<meta property=\"article:publisher\" content=\"https:\/\/www.facebook.com\/Canor-ferro-alumini-i-PVC-171451982903235\" \/>\n<meta property=\"article:published_time\" content=\"2015-08-31T21:48:22+00:00\" \/>\n<meta property=\"article:modified_time\" content=\"2018-03-11T18:06:14+00:00\" \/>\n<meta property=\"og:image\" content=\"https:\/\/ferrocanor.com\/wp-content\/uploads\/2015\/08\/montaje-cubierta-6.jpg\" \/>\n\t<meta property=\"og:image:width\" content=\"1000\" \/>\n\t<meta property=\"og:image:height\" content=\"750\" \/>\n\t<meta property=\"og:image:type\" content=\"image\/jpeg\" \/>\n<meta name=\"author\" content=\"silvia\" \/>\n<meta name=\"twitter:label1\" content=\"Written by\" \/>\n\t<meta name=\"twitter:data1\" content=\"silvia\" \/>\n\t<meta name=\"twitter:label2\" content=\"Est. reading time\" \/>\n\t<meta name=\"twitter:data2\" content=\"1 minute\" \/>\n<script type=\"application\/ld+json\" class=\"yoast-schema-graph\">{\"@context\":\"https:\/\/schema.org\",\"@graph\":[{\"@type\":\"Article\",\"@id\":\"https:\/\/ferrocanor.com\/es\/blog\/proyectos\/montaje-sin-obra-de-cubierta-de-aluminio\/#article\",\"isPartOf\":{\"@id\":\"https:\/\/ferrocanor.com\/es\/blog\/proyectos\/montaje-sin-obra-de-cubierta-de-aluminio\/\"},\"author\":{\"name\":\"silvia\",\"@id\":\"http:\/\/ferrocanor.com\/#\/schema\/person\/d0dbabe9283fc201feefb0f48e49459f\"},\"headline\":\"Montaje sin obra de cubierta de aluminio\",\"datePublished\":\"2015-08-31T21:48:22+00:00\",\"dateModified\":\"2018-03-11T18:06:14+00:00\",\"mainEntityOfPage\":{\"@id\":\"https:\/\/ferrocanor.com\/es\/blog\/proyectos\/montaje-sin-obra-de-cubierta-de-aluminio\/\"},\"wordCount\":229,\"commentCount\":0,\"publisher\":{\"@id\":\"http:\/\/ferrocanor.com\/#organization\"},\"image\":{\"@id\":\"https:\/\/ferrocanor.com\/es\/blog\/proyectos\/montaje-sin-obra-de-cubierta-de-aluminio\/#primaryimage\"},\"thumbnailUrl\":\"https:\/\/ferrocanor.com\/wp-content\/uploads\/2015\/08\/montaje-cubierta-6.jpg\",\"keywords\":[\"#cubiertaaluminio\",\"#cubiertafija\",\"#cubiertas\",\"#montaje\",\"#ventanasaluminio\"],\"articleSection\":[\"Trabajos destacados\"],\"inLanguage\":\"es-ES\",\"potentialAction\":[{\"@type\":\"CommentAction\",\"name\":\"Comment\",\"target\":[\"https:\/\/ferrocanor.com\/es\/blog\/proyectos\/montaje-sin-obra-de-cubierta-de-aluminio\/#respond\"]}]},{\"@type\":\"WebPage\",\"@id\":\"https:\/\/ferrocanor.com\/es\/blog\/proyectos\/montaje-sin-obra-de-cubierta-de-aluminio\/\",\"url\":\"https:\/\/ferrocanor.com\/es\/blog\/proyectos\/montaje-sin-obra-de-cubierta-de-aluminio\/\",\"name\":\"Montaje sin obra de cubierta de aluminio\",\"isPartOf\":{\"@id\":\"http:\/\/ferrocanor.com\/#website\"},\"primaryImageOfPage\":{\"@id\":\"https:\/\/ferrocanor.com\/es\/blog\/proyectos\/montaje-sin-obra-de-cubierta-de-aluminio\/#primaryimage\"},\"image\":{\"@id\":\"https:\/\/ferrocanor.com\/es\/blog\/proyectos\/montaje-sin-obra-de-cubierta-de-aluminio\/#primaryimage\"},\"thumbnailUrl\":\"https:\/\/ferrocanor.com\/wp-content\/uploads\/2015\/08\/montaje-cubierta-6.jpg\",\"datePublished\":\"2015-08-31T21:48:22+00:00\",\"dateModified\":\"2018-03-11T18:06:14+00:00\",\"description\":\"Mostramos el montaje sin obra de cubierta de aluminio para cerrar una terraza y evitar las molestas obras. Cerramiento de techo y ventanas de aluminio.\",\"breadcrumb\":{\"@id\":\"https:\/\/ferrocanor.com\/es\/blog\/proyectos\/montaje-sin-obra-de-cubierta-de-aluminio\/#breadcrumb\"},\"inLanguage\":\"es-ES\",\"potentialAction\":[{\"@type\":\"ReadAction\",\"target\":[\"https:\/\/ferrocanor.com\/es\/blog\/proyectos\/montaje-sin-obra-de-cubierta-de-aluminio\/\"]}]},{\"@type\":\"ImageObject\",\"inLanguage\":\"es-ES\",\"@id\":\"https:\/\/ferrocanor.com\/es\/blog\/proyectos\/montaje-sin-obra-de-cubierta-de-aluminio\/#primaryimage\",\"url\":\"https:\/\/ferrocanor.com\/wp-content\/uploads\/2015\/08\/montaje-cubierta-6.jpg\",\"contentUrl\":\"https:\/\/ferrocanor.com\/wp-content\/uploads\/2015\/08\/montaje-cubierta-6.jpg\",\"width\":1000,\"height\":750,\"caption\":\"montaje sin obra de cubierta de aluminio\"},{\"@type\":\"BreadcrumbList\",\"@id\":\"https:\/\/ferrocanor.com\/es\/blog\/proyectos\/montaje-sin-obra-de-cubierta-de-aluminio\/#breadcrumb\",\"itemListElement\":[{\"@type\":\"ListItem\",\"position\":1,\"name\":\"Home\",\"item\":\"http:\/\/ferrocanor.com\/es\/\"},{\"@type\":\"ListItem\",\"position\":2,\"name\":\"Montaje sin obra de cubierta de aluminio\"}]},{\"@type\":\"WebSite\",\"@id\":\"http:\/\/ferrocanor.com\/#website\",\"url\":\"http:\/\/ferrocanor.com\/\",\"name\":\"ferrocanor.com\",\"description\":\"Hierro - Aluminio - PVC\",\"publisher\":{\"@id\":\"http:\/\/ferrocanor.com\/#organization\"},\"potentialAction\":[{\"@type\":\"SearchAction\",\"target\":{\"@type\":\"EntryPoint\",\"urlTemplate\":\"http:\/\/ferrocanor.com\/?s={search_term_string}\"},\"query-input\":\"required name=search_term_string\"}],\"inLanguage\":\"es-ES\"},{\"@type\":\"Organization\",\"@id\":\"http:\/\/ferrocanor.com\/#organization\",\"name\":\"ferrocanor.com\",\"url\":\"http:\/\/ferrocanor.com\/\",\"logo\":{\"@type\":\"ImageObject\",\"inLanguage\":\"es-ES\",\"@id\":\"http:\/\/ferrocanor.com\/#\/schema\/logo\/image\/\",\"url\":\"https:\/\/ferrocanor.com\/wp-content\/uploads\/2022\/02\/logo-ferrocanor-horizontal-web-01.png\",\"contentUrl\":\"https:\/\/ferrocanor.com\/wp-content\/uploads\/2022\/02\/logo-ferrocanor-horizontal-web-01.png\",\"width\":357,\"height\":143,\"caption\":\"ferrocanor.com\"},\"image\":{\"@id\":\"http:\/\/ferrocanor.com\/#\/schema\/logo\/image\/\"},\"sameAs\":[\"https:\/\/www.facebook.com\/Canor-ferro-alumini-i-PVC-171451982903235\"]},{\"@type\":\"Person\",\"@id\":\"http:\/\/ferrocanor.com\/#\/schema\/person\/d0dbabe9283fc201feefb0f48e49459f\",\"name\":\"silvia\",\"image\":{\"@type\":\"ImageObject\",\"inLanguage\":\"es-ES\",\"@id\":\"http:\/\/ferrocanor.com\/#\/schema\/person\/image\/\",\"url\":\"https:\/\/secure.gravatar.com\/avatar\/c436b2d9886a89d3c050a3c23a958a5f?s=96&d=mm&r=g\",\"contentUrl\":\"https:\/\/secure.gravatar.com\/avatar\/c436b2d9886a89d3c050a3c23a958a5f?s=96&d=mm&r=g\",\"caption\":\"silvia\"},\"url\":\"https:\/\/ferrocanor.com\/es\/blog\/author\/silvia\/\"}]}<\/script>\n<!-- \/ Yoast SEO plugin. -->","yoast_head_json":{"title":"Montaje sin obra de cubierta de aluminio","description":"Mostramos el montaje sin obra de cubierta de aluminio para cerrar una terraza y evitar las molestas obras. Cerramiento de techo y ventanas de aluminio.","robots":{"index":"index","follow":"follow","max-snippet":"max-snippet:-1","max-image-preview":"max-image-preview:large","max-video-preview":"max-video-preview:-1"},"canonical":"https:\/\/ferrocanor.com\/es\/blog\/proyectos\/montaje-sin-obra-de-cubierta-de-aluminio\/","og_locale":"es_ES","og_type":"article","og_title":"Montaje sin obra de cubierta de aluminio","og_description":"Mostramos el montaje sin obra de cubierta de aluminio para cerrar una terraza y evitar las molestas obras. Cerramiento de techo y ventanas de aluminio.","og_url":"https:\/\/ferrocanor.com\/es\/blog\/proyectos\/montaje-sin-obra-de-cubierta-de-aluminio\/","og_site_name":"ferrocanor.com","article_publisher":"https:\/\/www.facebook.com\/Canor-ferro-alumini-i-PVC-171451982903235","article_published_time":"2015-08-31T21:48:22+00:00","article_modified_time":"2018-03-11T18:06:14+00:00","og_image":[{"width":1000,"height":750,"url":"https:\/\/ferrocanor.com\/wp-content\/uploads\/2015\/08\/montaje-cubierta-6.jpg","type":"image\/jpeg"}],"author":"silvia","twitter_misc":{"Written by":"silvia","Est. reading time":"1 minute"},"schema":{"@context":"https:\/\/schema.org","@graph":[{"@type":"Article","@id":"https:\/\/ferrocanor.com\/es\/blog\/proyectos\/montaje-sin-obra-de-cubierta-de-aluminio\/#article","isPartOf":{"@id":"https:\/\/ferrocanor.com\/es\/blog\/proyectos\/montaje-sin-obra-de-cubierta-de-aluminio\/"},"author":{"name":"silvia","@id":"http:\/\/ferrocanor.com\/#\/schema\/person\/d0dbabe9283fc201feefb0f48e49459f"},"headline":"Montaje sin obra de cubierta de aluminio","datePublished":"2015-08-31T21:48:22+00:00","dateModified":"2018-03-11T18:06:14+00:00","mainEntityOfPage":{"@id":"https:\/\/ferrocanor.com\/es\/blog\/proyectos\/montaje-sin-obra-de-cubierta-de-aluminio\/"},"wordCount":229,"commentCount":0,"publisher":{"@id":"http:\/\/ferrocanor.com\/#organization"},"image":{"@id":"https:\/\/ferrocanor.com\/es\/blog\/proyectos\/montaje-sin-obra-de-cubierta-de-aluminio\/#primaryimage"},"thumbnailUrl":"https:\/\/ferrocanor.com\/wp-content\/uploads\/2015\/08\/montaje-cubierta-6.jpg","keywords":["#cubiertaaluminio","#cubiertafija","#cubiertas","#montaje","#ventanasaluminio"],"articleSection":["Trabajos destacados"],"inLanguage":"es-ES","potentialAction":[{"@type":"CommentAction","name":"Comment","target":["https:\/\/ferrocanor.com\/es\/blog\/proyectos\/montaje-sin-obra-de-cubierta-de-aluminio\/#respond"]}]},{"@type":"WebPage","@id":"https:\/\/ferrocanor.com\/es\/blog\/proyectos\/montaje-sin-obra-de-cubierta-de-aluminio\/","url":"https:\/\/ferrocanor.com\/es\/blog\/proyectos\/montaje-sin-obra-de-cubierta-de-aluminio\/","name":"Montaje sin obra de cubierta de aluminio","isPartOf":{"@id":"http:\/\/ferrocanor.com\/#website"},"primaryImageOfPage":{"@id":"https:\/\/ferrocanor.com\/es\/blog\/proyectos\/montaje-sin-obra-de-cubierta-de-aluminio\/#primaryimage"},"image":{"@id":"https:\/\/ferrocanor.com\/es\/blog\/proyectos\/montaje-sin-obra-de-cubierta-de-aluminio\/#primaryimage"},"thumbnailUrl":"https:\/\/ferrocanor.com\/wp-content\/uploads\/2015\/08\/montaje-cubierta-6.jpg","datePublished":"2015-08-31T21:48:22+00:00","dateModified":"2018-03-11T18:06:14+00:00","description":"Mostramos el montaje sin obra de cubierta de aluminio para cerrar una terraza y evitar las molestas obras. Cerramiento de techo y ventanas de aluminio.","breadcrumb":{"@id":"https:\/\/ferrocanor.com\/es\/blog\/proyectos\/montaje-sin-obra-de-cubierta-de-aluminio\/#breadcrumb"},"inLanguage":"es-ES","potentialAction":[{"@type":"ReadAction","target":["https:\/\/ferrocanor.com\/es\/blog\/proyectos\/montaje-sin-obra-de-cubierta-de-aluminio\/"]}]},{"@type":"ImageObject","inLanguage":"es-ES","@id":"https:\/\/ferrocanor.com\/es\/blog\/proyectos\/montaje-sin-obra-de-cubierta-de-aluminio\/#primaryimage","url":"https:\/\/ferrocanor.com\/wp-content\/uploads\/2015\/08\/montaje-cubierta-6.jpg","contentUrl":"https:\/\/ferrocanor.com\/wp-content\/uploads\/2015\/08\/montaje-cubierta-6.jpg","width":1000,"height":750,"caption":"montaje sin obra de cubierta de aluminio"},{"@type":"BreadcrumbList","@id":"https:\/\/ferrocanor.com\/es\/blog\/proyectos\/montaje-sin-obra-de-cubierta-de-aluminio\/#breadcrumb","itemListElement":[{"@type":"ListItem","position":1,"name":"Home","item":"http:\/\/ferrocanor.com\/es\/"},{"@type":"ListItem","position":2,"name":"Montaje sin obra de cubierta de aluminio"}]},{"@type":"WebSite","@id":"http:\/\/ferrocanor.com\/#website","url":"http:\/\/ferrocanor.com\/","name":"ferrocanor.com","description":"Hierro - Aluminio - PVC","publisher":{"@id":"http:\/\/ferrocanor.com\/#organization"},"potentialAction":[{"@type":"SearchAction","target":{"@type":"EntryPoint","urlTemplate":"http:\/\/ferrocanor.com\/?s={search_term_string}"},"query-input":"required name=search_term_string"}],"inLanguage":"es-ES"},{"@type":"Organization","@id":"http:\/\/ferrocanor.com\/#organization","name":"ferrocanor.com","url":"http:\/\/ferrocanor.com\/","logo":{"@type":"ImageObject","inLanguage":"es-ES","@id":"http:\/\/ferrocanor.com\/#\/schema\/logo\/image\/","url":"https:\/\/ferrocanor.com\/wp-content\/uploads\/2022\/02\/logo-ferrocanor-horizontal-web-01.png","contentUrl":"https:\/\/ferrocanor.com\/wp-content\/uploads\/2022\/02\/logo-ferrocanor-horizontal-web-01.png","width":357,"height":143,"caption":"ferrocanor.com"},"image":{"@id":"http:\/\/ferrocanor.com\/#\/schema\/logo\/image\/"},"sameAs":["https:\/\/www.facebook.com\/Canor-ferro-alumini-i-PVC-171451982903235"]},{"@type":"Person","@id":"http:\/\/ferrocanor.com\/#\/schema\/person\/d0dbabe9283fc201feefb0f48e49459f","name":"silvia","image":{"@type":"ImageObject","inLanguage":"es-ES","@id":"http:\/\/ferrocanor.com\/#\/schema\/person\/image\/","url":"https:\/\/secure.gravatar.com\/avatar\/c436b2d9886a89d3c050a3c23a958a5f?s=96&d=mm&r=g","contentUrl":"https:\/\/secure.gravatar.com\/avatar\/c436b2d9886a89d3c050a3c23a958a5f?s=96&d=mm&r=g","caption":"silvia"},"url":"https:\/\/ferrocanor.com\/es\/blog\/author\/silvia\/"}]}},"_links":{"self":[{"href":"https:\/\/ferrocanor.com\/es\/wp-json\/wp\/v2\/posts\/6234"}],"collection":[{"href":"https:\/\/ferrocanor.com\/es\/wp-json\/wp\/v2\/posts"}],"about":[{"href":"https:\/\/ferrocanor.com\/es\/wp-json\/wp\/v2\/types\/post"}],"author":[{"embeddable":true,"href":"https:\/\/ferrocanor.com\/es\/wp-json\/wp\/v2\/users\/3"}],"replies":[{"embeddable":true,"href":"https:\/\/ferrocanor.com\/es\/wp-json\/wp\/v2\/comments?post=6234"}],"version-history":[{"count":5,"href":"https:\/\/ferrocanor.com\/es\/wp-json\/wp\/v2\/posts\/6234\/revisions"}],"predecessor-version":[{"id":7860,"href":"https:\/\/ferrocanor.com\/es\/wp-json\/wp\/v2\/posts\/6234\/revisions\/7860"}],"wp:featuredmedia":[{"embeddable":true,"href":"https:\/\/ferrocanor.com\/es\/wp-json\/wp\/v2\/media\/6223"}],"wp:attachment":[{"href":"https:\/\/ferrocanor.com\/es\/wp-json\/wp\/v2\/media?parent=6234"}],"wp:term":[{"taxonomy":"category","embeddable":true,"href":"https:\/\/ferrocanor.com\/es\/wp-json\/wp\/v2\/categories?post=6234"},{"taxonomy":"post_tag","embeddable":true,"href":"https:\/\/ferrocanor.com\/es\/wp-json\/wp\/v2\/tags?post=6234"}],"curies":[{"name":"wp","href":"https:\/\/api.w.org\/{rel}","templated":true}]}}