{"id":6679,"date":"2015-11-17T15:25:26","date_gmt":"2015-11-17T14:25:26","guid":{"rendered":"https:\/\/ferrocanor.com\/es\/?p=6679"},"modified":"2018-03-11T18:44:26","modified_gmt":"2018-03-11T17:44:26","slug":"reforma-integral-casa-moderna","status":"publish","type":"post","link":"https:\/\/ferrocanor.com\/es\/blog\/proyectos\/reforma-integral-casa-moderna\/","title":{"rendered":"Reforma integral casa moderna en Benissa"},"content":{"rendered":"<p>&nbsp;<\/p>\n<p><a href=\"https:\/\/ferrocanor.com\/wp-content\/uploads\/2015\/11\/casa-moderna-benissa-2.jpg\" data-rel=\"lightbox-image-0\" data-rl_title=\"\" data-rl_caption=\"\" title=\"\"><img loading=\"lazy\" decoding=\"async\" class=\"aligncenter wp-image-6622 size-full\" src=\"https:\/\/ferrocanor.com\/wp-content\/uploads\/2015\/11\/casa-moderna-benissa-2.jpg\" alt=\"Reforma integral casa moderna en Benissa\" width=\"1000\" height=\"500\" srcset=\"https:\/\/ferrocanor.com\/wp-content\/uploads\/2015\/11\/casa-moderna-benissa-2.jpg 1000w, https:\/\/ferrocanor.com\/wp-content\/uploads\/2015\/11\/casa-moderna-benissa-2-300x150.jpg 300w, https:\/\/ferrocanor.com\/wp-content\/uploads\/2015\/11\/casa-moderna-benissa-2-768x384.jpg 768w, https:\/\/ferrocanor.com\/wp-content\/uploads\/2015\/11\/casa-moderna-benissa-2-250x125.jpg 250w\" sizes=\"(max-width: 1000px) 100vw, 1000px\" \/><\/a><\/p>\n<p>Para llegar a la casa que pod\u00e9is ver en las im\u00e1genes se realiz\u00f3 una reforma\u00a0integral de la antigua casa.<br \/>\nEl estilo moderno para el nuevo dise\u00f1o de la casa requer\u00eda unos materiales de calidad acordes con las exigencias a niveles t\u00e9rmicos,<br \/>\nde seguridad, de prestaciones y de dise\u00f1o.<\/p>\n<h3><strong>Elementos empleados en la\u00a0reforma integral<\/strong><\/h3>\n<ul>\n<li>Puertas correderas elevables de grandes dimensiones con rotura t\u00e9rmica serie GP-R120 de ALUMED<\/li>\n<li>Ventanas correderas con rotura t\u00e9rmica serie Tecknica Thermic de ALUMED<\/li>\n<li>Puerta corredera con rotura t\u00e9rmica d\u00f3nde la hoja se esconde en la pared serie Thecknica Thermic Unicarril de ALUMED<\/li>\n<li>Ventanas oscilobatientes y fijos con rotura t\u00e9rmica serie Omega Thermic 52m de ALUMED<\/li>\n<li>Microventilaci\u00f3n<\/li>\n<li>Persianas autoblocantes de seguridad motorizadas<\/li>\n<li>Mosquiteras enrollables y correderas<\/li>\n<li>Cristales de seguridad con control solar y bajo emisivos Guardian Sun<\/li>\n<li>Barandillas de cristal con perfil U<\/li>\n<li>Puerta de garaje seccional motorizada<\/li>\n<li>Puerta peatonal de hierro, galvanizado y lacado al horno<\/li>\n<li>Sombreros para chimeneas de hierro galvanizado y lacado al horno<\/li>\n<li>Lacado color gris RAL 7016<\/li>\n<\/ul>\n<div id=\"attachment_6629\" style=\"width: 260px\" class=\"wp-caption alignleft\"><a href=\"https:\/\/ferrocanor.com\/wp-content\/uploads\/2015\/11\/puertas-aluminio-elevables-2.jpg\" data-rel=\"lightbox-image-1\" data-rl_title=\"\" data-rl_caption=\"\" title=\"\"><img loading=\"lazy\" decoding=\"async\" aria-describedby=\"caption-attachment-6629\" class=\"wp-image-6629 size-product-tile\" src=\"https:\/\/ferrocanor.com\/wp-content\/uploads\/2015\/11\/puertas-aluminio-elevables-2-250x188.jpg\" alt=\"Puertas correderas elevables\" width=\"250\" height=\"188\" srcset=\"https:\/\/ferrocanor.com\/wp-content\/uploads\/2015\/11\/puertas-aluminio-elevables-2-250x188.jpg 250w, https:\/\/ferrocanor.com\/wp-content\/uploads\/2015\/11\/puertas-aluminio-elevables-2-300x225.jpg 300w, https:\/\/ferrocanor.com\/wp-content\/uploads\/2015\/11\/puertas-aluminio-elevables-2-768x576.jpg 768w, https:\/\/ferrocanor.com\/wp-content\/uploads\/2015\/11\/puertas-aluminio-elevables-2.jpg 1000w\" sizes=\"(max-width: 250px) 100vw, 250px\" \/><\/a><p id=\"caption-attachment-6629\" class=\"wp-caption-text\">Puertas correderas elevables<\/p><\/div>\n<div id=\"attachment_6632\" style=\"width: 260px\" class=\"wp-caption alignright\"><a href=\"https:\/\/ferrocanor.com\/wp-content\/uploads\/2015\/11\/puertas-aluminio-elevables.jpg\" data-rel=\"lightbox-image-2\" data-rl_title=\"\" data-rl_caption=\"\" title=\"\"><img loading=\"lazy\" decoding=\"async\" aria-describedby=\"caption-attachment-6632\" class=\"wp-image-6632 size-product-tile\" src=\"https:\/\/ferrocanor.com\/wp-content\/uploads\/2015\/11\/puertas-aluminio-elevables-250x188.jpg\" alt=\"Puertas correderas elevables\" width=\"250\" height=\"188\" srcset=\"https:\/\/ferrocanor.com\/wp-content\/uploads\/2015\/11\/puertas-aluminio-elevables-250x188.jpg 250w, https:\/\/ferrocanor.com\/wp-content\/uploads\/2015\/11\/puertas-aluminio-elevables-300x225.jpg 300w, https:\/\/ferrocanor.com\/wp-content\/uploads\/2015\/11\/puertas-aluminio-elevables-768x576.jpg 768w, https:\/\/ferrocanor.com\/wp-content\/uploads\/2015\/11\/puertas-aluminio-elevables.jpg 1000w\" sizes=\"(max-width: 250px) 100vw, 250px\" \/><\/a><p id=\"caption-attachment-6632\" class=\"wp-caption-text\">Puertas correderas elevables<\/p><\/div>\n<p>&nbsp;<\/p>\n<p>&nbsp;<\/p>\n<p>&nbsp;<\/p>\n<p>&nbsp;<\/p>\n<p>&nbsp;<\/p>\n<p>&nbsp;<\/p>\n<div id=\"attachment_6684\" style=\"width: 160px\" class=\"wp-caption alignleft\"><a href=\"https:\/\/ferrocanor.com\/wp-content\/uploads\/2015\/11\/puertas-aluminio-elevables-3.jpg\" data-rel=\"lightbox-image-3\" data-rl_title=\"\" data-rl_caption=\"\" title=\"\"><img loading=\"lazy\" decoding=\"async\" aria-describedby=\"caption-attachment-6684\" class=\"wp-image-6684 size-product-tile\" src=\"https:\/\/ferrocanor.com\/wp-content\/uploads\/2015\/11\/puertas-aluminio-elevables-3-150x200.jpg\" alt=\"Detalle puerta corredera elevable\" width=\"150\" height=\"200\" srcset=\"https:\/\/ferrocanor.com\/wp-content\/uploads\/2015\/11\/puertas-aluminio-elevables-3-150x200.jpg 150w, https:\/\/ferrocanor.com\/wp-content\/uploads\/2015\/11\/puertas-aluminio-elevables-3-225x300.jpg 225w, https:\/\/ferrocanor.com\/wp-content\/uploads\/2015\/11\/puertas-aluminio-elevables-3.jpg 750w\" sizes=\"(max-width: 150px) 100vw, 150px\" \/><\/a><p id=\"caption-attachment-6684\" class=\"wp-caption-text\">Detalle puerta corredera elevable<\/p><\/div>\n<div id=\"attachment_6637\" style=\"width: 160px\" class=\"wp-caption alignleft\"><a href=\"https:\/\/ferrocanor.com\/wp-content\/uploads\/2015\/11\/Puerta-corredera-rotura-t\u00e9rmica-hoja-escondida-pared-2.jpg\" data-rel=\"lightbox-image-4\" data-rl_title=\"\" data-rl_caption=\"\" title=\"\"><img loading=\"lazy\" decoding=\"async\" aria-describedby=\"caption-attachment-6637\" class=\"wp-image-6637 size-product-tile\" src=\"https:\/\/ferrocanor.com\/wp-content\/uploads\/2015\/11\/Puerta-corredera-rotura-t\u00e9rmica-hoja-escondida-pared-2-150x200.jpg\" alt=\"Puerta corredera\" width=\"150\" height=\"200\" srcset=\"https:\/\/ferrocanor.com\/wp-content\/uploads\/2015\/11\/Puerta-corredera-rotura-t\u00e9rmica-hoja-escondida-pared-2-150x200.jpg 150w, https:\/\/ferrocanor.com\/wp-content\/uploads\/2015\/11\/Puerta-corredera-rotura-t\u00e9rmica-hoja-escondida-pared-2-225x300.jpg 225w, https:\/\/ferrocanor.com\/wp-content\/uploads\/2015\/11\/Puerta-corredera-rotura-t\u00e9rmica-hoja-escondida-pared-2.jpg 750w\" sizes=\"(max-width: 150px) 100vw, 150px\" \/><\/a><p id=\"caption-attachment-6637\" class=\"wp-caption-text\">Puerta corredera donde la hoja se esconde en la pared<\/p><\/div>\n<div id=\"attachment_6640\" style=\"width: 160px\" class=\"wp-caption alignleft\"><a href=\"https:\/\/ferrocanor.com\/wp-content\/uploads\/2015\/11\/Puerta-corredera-rotura-t\u00e9rmica-hoja-escondida-pared.jpg\" data-rel=\"lightbox-image-5\" data-rl_title=\"\" data-rl_caption=\"\" title=\"\"><img loading=\"lazy\" decoding=\"async\" aria-describedby=\"caption-attachment-6640\" class=\"wp-image-6640 size-product-tile\" src=\"https:\/\/ferrocanor.com\/wp-content\/uploads\/2015\/11\/Puerta-corredera-rotura-t\u00e9rmica-hoja-escondida-pared-150x200.jpg\" alt=\"Detalle hoja escondida en la pared\" width=\"150\" height=\"200\" srcset=\"https:\/\/ferrocanor.com\/wp-content\/uploads\/2015\/11\/Puerta-corredera-rotura-t\u00e9rmica-hoja-escondida-pared-150x200.jpg 150w, https:\/\/ferrocanor.com\/wp-content\/uploads\/2015\/11\/Puerta-corredera-rotura-t\u00e9rmica-hoja-escondida-pared-225x300.jpg 225w, https:\/\/ferrocanor.com\/wp-content\/uploads\/2015\/11\/Puerta-corredera-rotura-t\u00e9rmica-hoja-escondida-pared.jpg 750w\" sizes=\"(max-width: 150px) 100vw, 150px\" \/><\/a><p id=\"caption-attachment-6640\" class=\"wp-caption-text\">Detalle hoja escondida en la pared<\/p><\/div>\n<p>&nbsp;<\/p>\n<p>&nbsp;<\/p>\n<p>&nbsp;<\/p>\n<p>&nbsp;<\/p>\n<p>&nbsp;<\/p>\n<p>&nbsp;<\/p>\n<p>&nbsp;<\/p>\n<div id=\"attachment_6644\" style=\"width: 260px\" class=\"wp-caption alignleft\"><a href=\"https:\/\/ferrocanor.com\/wp-content\/uploads\/2015\/11\/ventanas-oscilobatientes.jpg\" data-rel=\"lightbox-image-6\" data-rl_title=\"\" data-rl_caption=\"\" title=\"\"><img loading=\"lazy\" decoding=\"async\" aria-describedby=\"caption-attachment-6644\" class=\"wp-image-6644 size-product-tile\" src=\"https:\/\/ferrocanor.com\/wp-content\/uploads\/2015\/11\/ventanas-oscilobatientes-250x188.jpg\" alt=\"Ventanas oscilobatientes\" width=\"250\" height=\"188\" srcset=\"https:\/\/ferrocanor.com\/wp-content\/uploads\/2015\/11\/ventanas-oscilobatientes-250x188.jpg 250w, https:\/\/ferrocanor.com\/wp-content\/uploads\/2015\/11\/ventanas-oscilobatientes-300x225.jpg 300w, https:\/\/ferrocanor.com\/wp-content\/uploads\/2015\/11\/ventanas-oscilobatientes-768x576.jpg 768w, https:\/\/ferrocanor.com\/wp-content\/uploads\/2015\/11\/ventanas-oscilobatientes.jpg 1000w\" sizes=\"(max-width: 250px) 100vw, 250px\" \/><\/a><p id=\"caption-attachment-6644\" class=\"wp-caption-text\">Ventanas oscilobatientes<\/p><\/div>\n<div id=\"attachment_6647\" style=\"width: 260px\" class=\"wp-caption alignright\"><a href=\"https:\/\/ferrocanor.com\/wp-content\/uploads\/2015\/11\/puerta-entrada-cristales-fijos.jpg\" data-rel=\"lightbox-image-7\" data-rl_title=\"\" data-rl_caption=\"\" title=\"\"><img loading=\"lazy\" decoding=\"async\" aria-describedby=\"caption-attachment-6647\" class=\"wp-image-6647 size-product-tile\" src=\"https:\/\/ferrocanor.com\/wp-content\/uploads\/2015\/11\/puerta-entrada-cristales-fijos-250x188.jpg\" alt=\"Fijos\" width=\"250\" height=\"188\" srcset=\"https:\/\/ferrocanor.com\/wp-content\/uploads\/2015\/11\/puerta-entrada-cristales-fijos-250x188.jpg 250w, https:\/\/ferrocanor.com\/wp-content\/uploads\/2015\/11\/puerta-entrada-cristales-fijos-300x225.jpg 300w, https:\/\/ferrocanor.com\/wp-content\/uploads\/2015\/11\/puerta-entrada-cristales-fijos-768x576.jpg 768w, https:\/\/ferrocanor.com\/wp-content\/uploads\/2015\/11\/puerta-entrada-cristales-fijos.jpg 1000w\" sizes=\"(max-width: 250px) 100vw, 250px\" \/><\/a><p id=\"caption-attachment-6647\" class=\"wp-caption-text\">Puerta de entrada y cristales fijos<\/p><\/div>\n<p>&nbsp;<\/p>\n<p>&nbsp;<\/p>\n<p>&nbsp;<\/p>\n<p>&nbsp;<\/p>\n<p>&nbsp;<\/p>\n<p>&nbsp;<\/p>\n<div id=\"attachment_6650\" style=\"width: 260px\" class=\"wp-caption alignleft\"><a href=\"https:\/\/ferrocanor.com\/wp-content\/uploads\/2015\/11\/Persianas-autoblocantes-seguridad-motorizadas.jpg\" data-rel=\"lightbox-image-8\" data-rl_title=\"\" data-rl_caption=\"\" title=\"\"><img loading=\"lazy\" decoding=\"async\" aria-describedby=\"caption-attachment-6650\" class=\"wp-image-6650 size-product-tile\" src=\"https:\/\/ferrocanor.com\/wp-content\/uploads\/2015\/11\/Persianas-autoblocantes-seguridad-motorizadas-250x188.jpg\" alt=\"Persianas autoblocantes\" width=\"250\" height=\"188\" srcset=\"https:\/\/ferrocanor.com\/wp-content\/uploads\/2015\/11\/Persianas-autoblocantes-seguridad-motorizadas-250x188.jpg 250w, https:\/\/ferrocanor.com\/wp-content\/uploads\/2015\/11\/Persianas-autoblocantes-seguridad-motorizadas-300x225.jpg 300w, https:\/\/ferrocanor.com\/wp-content\/uploads\/2015\/11\/Persianas-autoblocantes-seguridad-motorizadas-768x576.jpg 768w, https:\/\/ferrocanor.com\/wp-content\/uploads\/2015\/11\/Persianas-autoblocantes-seguridad-motorizadas.jpg 1000w\" sizes=\"(max-width: 250px) 100vw, 250px\" \/><\/a><p id=\"caption-attachment-6650\" class=\"wp-caption-text\">Persianas autoblocantes<\/p><\/div>\n<div id=\"attachment_6666\" style=\"width: 260px\" class=\"wp-caption alignright\"><img loading=\"lazy\" decoding=\"async\" aria-describedby=\"caption-attachment-6666\" class=\"wp-image-6666 size-product-tile\" src=\"https:\/\/ferrocanor.com\/wp-content\/uploads\/2015\/11\/Puerta-garaje-seccional-motorizada-250x188.jpg\" alt=\"Puerta de garaje seccional\" width=\"250\" height=\"188\" srcset=\"https:\/\/ferrocanor.com\/wp-content\/uploads\/2015\/11\/Puerta-garaje-seccional-motorizada-250x188.jpg 250w, https:\/\/ferrocanor.com\/wp-content\/uploads\/2015\/11\/Puerta-garaje-seccional-motorizada-300x225.jpg 300w, https:\/\/ferrocanor.com\/wp-content\/uploads\/2015\/11\/Puerta-garaje-seccional-motorizada-768x576.jpg 768w, https:\/\/ferrocanor.com\/wp-content\/uploads\/2015\/11\/Puerta-garaje-seccional-motorizada.jpg 1000w\" sizes=\"(max-width: 250px) 100vw, 250px\" \/><p id=\"caption-attachment-6666\" class=\"wp-caption-text\">Puerta de garaje seccional<\/p><\/div>\n<p>&nbsp;<\/p>\n<p>&nbsp;<\/p>\n<p>&nbsp;<\/p>\n<p>&nbsp;<\/p>\n<p>&nbsp;<\/p>\n<p>&nbsp;<\/p>\n<div id=\"attachment_6660\" style=\"width: 260px\" class=\"wp-caption alignleft\"><a href=\"https:\/\/ferrocanor.com\/wp-content\/uploads\/2015\/11\/barandilla-cristal.jpg\" data-rel=\"lightbox-image-9\" data-rl_title=\"\" data-rl_caption=\"\" title=\"\"><img loading=\"lazy\" decoding=\"async\" aria-describedby=\"caption-attachment-6660\" class=\"wp-image-6660 size-product-tile\" src=\"https:\/\/ferrocanor.com\/wp-content\/uploads\/2015\/11\/barandilla-cristal-250x188.jpg\" alt=\"Barandilla de cristal\" width=\"250\" height=\"188\" srcset=\"https:\/\/ferrocanor.com\/wp-content\/uploads\/2015\/11\/barandilla-cristal-250x188.jpg 250w, https:\/\/ferrocanor.com\/wp-content\/uploads\/2015\/11\/barandilla-cristal-300x225.jpg 300w, https:\/\/ferrocanor.com\/wp-content\/uploads\/2015\/11\/barandilla-cristal-768x576.jpg 768w, https:\/\/ferrocanor.com\/wp-content\/uploads\/2015\/11\/barandilla-cristal.jpg 1000w\" sizes=\"(max-width: 250px) 100vw, 250px\" \/><\/a><p id=\"caption-attachment-6660\" class=\"wp-caption-text\">Barandilla de cristal<\/p><\/div>\n<div id=\"attachment_6657\" style=\"width: 260px\" class=\"wp-caption alignright\"><a href=\"https:\/\/ferrocanor.com\/wp-content\/uploads\/2015\/11\/barandilla-cristal-31.jpg\" data-rel=\"lightbox-image-10\" data-rl_title=\"\" data-rl_caption=\"\" title=\"\"><img loading=\"lazy\" decoding=\"async\" aria-describedby=\"caption-attachment-6657\" class=\"wp-image-6657 size-product-tile\" src=\"https:\/\/ferrocanor.com\/wp-content\/uploads\/2015\/11\/barandilla-cristal-31-250x188.jpg\" alt=\"Barandilla de cristal\" width=\"250\" height=\"188\" srcset=\"https:\/\/ferrocanor.com\/wp-content\/uploads\/2015\/11\/barandilla-cristal-31-250x188.jpg 250w, https:\/\/ferrocanor.com\/wp-content\/uploads\/2015\/11\/barandilla-cristal-31-300x225.jpg 300w, https:\/\/ferrocanor.com\/wp-content\/uploads\/2015\/11\/barandilla-cristal-31-768x576.jpg 768w, https:\/\/ferrocanor.com\/wp-content\/uploads\/2015\/11\/barandilla-cristal-31.jpg 1000w\" sizes=\"(max-width: 250px) 100vw, 250px\" \/><\/a><p id=\"caption-attachment-6657\" class=\"wp-caption-text\">Barandilla de cristal<\/p><\/div>\n<p>&nbsp;<\/p>\n<p>&nbsp;<\/p>\n<p>&nbsp;<\/p>\n<p>&nbsp;<\/p>\n<p>&nbsp;<\/p>\n<p>&nbsp;<\/p>\n<div id=\"attachment_6654\" style=\"width: 260px\" class=\"wp-caption alignleft\"><a href=\"https:\/\/ferrocanor.com\/wp-content\/uploads\/2015\/11\/barandilla-cristal-2.jpg\" data-rel=\"lightbox-image-11\" data-rl_title=\"\" data-rl_caption=\"\" title=\"\"><img loading=\"lazy\" decoding=\"async\" aria-describedby=\"caption-attachment-6654\" class=\"wp-image-6654 size-product-tile\" src=\"https:\/\/ferrocanor.com\/wp-content\/uploads\/2015\/11\/barandilla-cristal-2-250x188.jpg\" alt=\"Barandilla de cristal\" width=\"250\" height=\"188\" srcset=\"https:\/\/ferrocanor.com\/wp-content\/uploads\/2015\/11\/barandilla-cristal-2-250x188.jpg 250w, https:\/\/ferrocanor.com\/wp-content\/uploads\/2015\/11\/barandilla-cristal-2-300x225.jpg 300w, https:\/\/ferrocanor.com\/wp-content\/uploads\/2015\/11\/barandilla-cristal-2-768x576.jpg 768w, https:\/\/ferrocanor.com\/wp-content\/uploads\/2015\/11\/barandilla-cristal-2.jpg 1000w\" sizes=\"(max-width: 250px) 100vw, 250px\" \/><\/a><p id=\"caption-attachment-6654\" class=\"wp-caption-text\">Barandilla de cristal<\/p><\/div>\n<div id=\"attachment_6692\" style=\"width: 260px\" class=\"wp-caption alignright\"><a href=\"https:\/\/ferrocanor.com\/wp-content\/uploads\/2015\/11\/barandilla-cristal-4.jpg\" data-rel=\"lightbox-image-12\" data-rl_title=\"\" data-rl_caption=\"\" title=\"\"><img loading=\"lazy\" decoding=\"async\" aria-describedby=\"caption-attachment-6692\" class=\"wp-image-6692 size-product-tile\" src=\"https:\/\/ferrocanor.com\/wp-content\/uploads\/2015\/11\/barandilla-cristal-4-250x188.jpg\" alt=\"Barandilla de cristal\" width=\"250\" height=\"188\" srcset=\"https:\/\/ferrocanor.com\/wp-content\/uploads\/2015\/11\/barandilla-cristal-4-250x188.jpg 250w, https:\/\/ferrocanor.com\/wp-content\/uploads\/2015\/11\/barandilla-cristal-4-300x225.jpg 300w, https:\/\/ferrocanor.com\/wp-content\/uploads\/2015\/11\/barandilla-cristal-4-768x576.jpg 768w, https:\/\/ferrocanor.com\/wp-content\/uploads\/2015\/11\/barandilla-cristal-4.jpg 1000w\" sizes=\"(max-width: 250px) 100vw, 250px\" \/><\/a><p id=\"caption-attachment-6692\" class=\"wp-caption-text\">Barandilla de cristal<\/p><\/div>\n<p>&nbsp;<\/p>\n<p>&nbsp;<\/p>\n<p>&nbsp;<\/p>\n<p>&nbsp;<\/p>\n<p>&nbsp;<\/p>\n<p>&nbsp;<\/p>\n<div id=\"attachment_6669\" style=\"width: 160px\" class=\"wp-caption alignleft\"><a href=\"https:\/\/ferrocanor.com\/wp-content\/uploads\/2015\/11\/Puerta-peatonal-hierr-galvanizado-llacado-al-horno.jpg\" data-rel=\"lightbox-image-13\" data-rl_title=\"\" data-rl_caption=\"\" title=\"\"><img loading=\"lazy\" decoding=\"async\" aria-describedby=\"caption-attachment-6669\" class=\"wp-image-6669 size-product-tile\" src=\"https:\/\/ferrocanor.com\/wp-content\/uploads\/2015\/11\/Puerta-peatonal-hierr-galvanizado-llacado-al-horno-150x200.jpg\" alt=\"Puerta peatonal de hierro galvanizado y lacada al horno\" width=\"150\" height=\"200\" srcset=\"https:\/\/ferrocanor.com\/wp-content\/uploads\/2015\/11\/Puerta-peatonal-hierr-galvanizado-llacado-al-horno-150x200.jpg 150w, https:\/\/ferrocanor.com\/wp-content\/uploads\/2015\/11\/Puerta-peatonal-hierr-galvanizado-llacado-al-horno-225x300.jpg 225w, https:\/\/ferrocanor.com\/wp-content\/uploads\/2015\/11\/Puerta-peatonal-hierr-galvanizado-llacado-al-horno.jpg 750w\" sizes=\"(max-width: 150px) 100vw, 150px\" \/><\/a><p id=\"caption-attachment-6669\" class=\"wp-caption-text\">Puerta peatonal de hierro galvanizado y lacada al horno<\/p><\/div>\n<div id=\"attachment_6695\" style=\"width: 160px\" class=\"wp-caption alignright\"><a href=\"https:\/\/ferrocanor.com\/wp-content\/uploads\/2015\/11\/porta-peatonal-xapa.jpg\" data-rel=\"lightbox-image-14\" data-rl_title=\"\" data-rl_caption=\"\" title=\"\"><img loading=\"lazy\" decoding=\"async\" aria-describedby=\"caption-attachment-6695\" class=\"size-product-tile wp-image-6695\" src=\"https:\/\/ferrocanor.com\/wp-content\/uploads\/2015\/11\/porta-peatonal-xapa-150x200.jpg\" alt=\"Puerta peatonal de hierro galvanizado y lacada al horno\" width=\"150\" height=\"200\" srcset=\"https:\/\/ferrocanor.com\/wp-content\/uploads\/2015\/11\/porta-peatonal-xapa-150x200.jpg 150w, https:\/\/ferrocanor.com\/wp-content\/uploads\/2015\/11\/porta-peatonal-xapa-225x300.jpg 225w, https:\/\/ferrocanor.com\/wp-content\/uploads\/2015\/11\/porta-peatonal-xapa.jpg 750w\" sizes=\"(max-width: 150px) 100vw, 150px\" \/><\/a><p id=\"caption-attachment-6695\" class=\"wp-caption-text\">Puerta peatonal de hierro galvanizado y lacada al horno<\/p><\/div>\n<p>&nbsp;<\/p>\n<p>&nbsp;<\/p>\n<p>&nbsp;<\/p>\n<p>&nbsp;<\/p>\n<p>&nbsp;<\/p>\n<p>&nbsp;<\/p>\n<p>&nbsp;<\/p>\n<div id=\"attachment_6675\" style=\"width: 260px\" class=\"wp-caption alignleft\"><a href=\"https:\/\/ferrocanor.com\/wp-content\/uploads\/2015\/11\/Sombreros-chimeneas-hierro-galvanizado-lacado-al-horno.jpg\" data-rel=\"lightbox-image-15\" data-rl_title=\"\" data-rl_caption=\"\" title=\"\"><img loading=\"lazy\" decoding=\"async\" aria-describedby=\"caption-attachment-6675\" class=\"wp-image-6675 size-product-tile\" src=\"https:\/\/ferrocanor.com\/wp-content\/uploads\/2015\/11\/Sombreros-chimeneas-hierro-galvanizado-lacado-al-horno-250x188.jpg\" alt=\"Sombreros chimeneas hierro galvanizado\" width=\"250\" height=\"188\" srcset=\"https:\/\/ferrocanor.com\/wp-content\/uploads\/2015\/11\/Sombreros-chimeneas-hierro-galvanizado-lacado-al-horno-250x188.jpg 250w, https:\/\/ferrocanor.com\/wp-content\/uploads\/2015\/11\/Sombreros-chimeneas-hierro-galvanizado-lacado-al-horno-300x225.jpg 300w, https:\/\/ferrocanor.com\/wp-content\/uploads\/2015\/11\/Sombreros-chimeneas-hierro-galvanizado-lacado-al-horno-768x576.jpg 768w, https:\/\/ferrocanor.com\/wp-content\/uploads\/2015\/11\/Sombreros-chimeneas-hierro-galvanizado-lacado-al-horno.jpg 1000w\" sizes=\"(max-width: 250px) 100vw, 250px\" \/><\/a><p id=\"caption-attachment-6675\" class=\"wp-caption-text\">Sombreros chimeneas hierro galvanizado<\/p><\/div>\n<div id=\"attachment_6672\" style=\"width: 260px\" class=\"wp-caption alignright\"><a href=\"https:\/\/ferrocanor.com\/wp-content\/uploads\/2015\/11\/Sombreros-chimeneas-hierro-galvanizado-lacado-al-horno-2.jpg\" data-rel=\"lightbox-image-16\" data-rl_title=\"\" data-rl_caption=\"\" title=\"\"><img loading=\"lazy\" decoding=\"async\" aria-describedby=\"caption-attachment-6672\" class=\"wp-image-6672 size-product-tile\" src=\"https:\/\/ferrocanor.com\/wp-content\/uploads\/2015\/11\/Sombreros-chimeneas-hierro-galvanizado-lacado-al-horno-2-250x188.jpg\" alt=\"Sombreros chimeneas hierro galvanizado\" width=\"250\" height=\"188\" srcset=\"https:\/\/ferrocanor.com\/wp-content\/uploads\/2015\/11\/Sombreros-chimeneas-hierro-galvanizado-lacado-al-horno-2-250x188.jpg 250w, https:\/\/ferrocanor.com\/wp-content\/uploads\/2015\/11\/Sombreros-chimeneas-hierro-galvanizado-lacado-al-horno-2-300x225.jpg 300w, https:\/\/ferrocanor.com\/wp-content\/uploads\/2015\/11\/Sombreros-chimeneas-hierro-galvanizado-lacado-al-horno-2-768x576.jpg 768w, https:\/\/ferrocanor.com\/wp-content\/uploads\/2015\/11\/Sombreros-chimeneas-hierro-galvanizado-lacado-al-horno-2.jpg 1000w\" sizes=\"(max-width: 250px) 100vw, 250px\" \/><\/a><p id=\"caption-attachment-6672\" class=\"wp-caption-text\">Sombreros chimeneas hierro galvanizado<\/p><\/div>\n","protected":false},"excerpt":{"rendered":"<p>&nbsp; Para llegar a la casa que pod\u00e9is ver en las im\u00e1genes se realiz\u00f3 una reforma\u00a0integral de la antigua casa. El estilo moderno para el nuevo dise\u00f1o de la casa requer\u00eda unos materiales de calidad acordes con las exigencias a niveles t\u00e9rmicos, de seguridad, de prestaciones y de dise\u00f1o. Elementos empleados en la\u00a0reforma integral Puertas [&hellip;]<\/p>\n","protected":false},"author":3,"featured_media":6611,"comment_status":"open","ping_status":"open","sticky":false,"template":"","format":"standard","meta":{"_monsterinsights_skip_tracking":false,"_monsterinsights_sitenote_active":false,"_monsterinsights_sitenote_note":"","_monsterinsights_sitenote_category":0,"footnotes":""},"categories":[21],"tags":[81,82,83,84,85,86],"yoast_head":"<!-- This site is optimized with the Yoast SEO plugin v22.9 - https:\/\/yoast.com\/wordpress\/plugins\/seo\/ -->\n<title>Reforma integral para convertir en casa moderna<\/title>\n<meta name=\"description\" content=\"Os mostramos una reforma integral para convertir en casa moderna, con perfiles de aluminio lacado gris y diferentes elementos en todo el \u00e1mbito de la casa.\" \/>\n<meta name=\"robots\" content=\"index, follow, max-snippet:-1, max-image-preview:large, max-video-preview:-1\" \/>\n<link rel=\"canonical\" href=\"https:\/\/ferrocanor.com\/es\/blog\/proyectos\/reforma-integral-casa-moderna\/\" \/>\n<meta property=\"og:locale\" content=\"es_ES\" \/>\n<meta property=\"og:type\" content=\"article\" \/>\n<meta property=\"og:title\" content=\"Reforma integral para convertir en casa moderna\" \/>\n<meta property=\"og:description\" content=\"Os mostramos una reforma integral para convertir en casa moderna, con perfiles de aluminio lacado gris y diferentes elementos en todo el \u00e1mbito de la casa.\" \/>\n<meta property=\"og:url\" content=\"https:\/\/ferrocanor.com\/es\/blog\/proyectos\/reforma-integral-casa-moderna\/\" \/>\n<meta property=\"og:site_name\" content=\"ferrocanor.com\" \/>\n<meta property=\"article:publisher\" content=\"https:\/\/www.facebook.com\/Canor-ferro-alumini-i-PVC-171451982903235\" \/>\n<meta property=\"article:published_time\" content=\"2015-11-17T14:25:26+00:00\" \/>\n<meta property=\"article:modified_time\" content=\"2018-03-11T17:44:26+00:00\" \/>\n<meta property=\"og:image\" content=\"https:\/\/ferrocanor.com\/wp-content\/uploads\/2015\/11\/casa-moderna-benissa4.jpg\" \/>\n\t<meta property=\"og:image:width\" content=\"1000\" \/>\n\t<meta property=\"og:image:height\" content=\"750\" \/>\n\t<meta property=\"og:image:type\" content=\"image\/jpeg\" \/>\n<meta name=\"author\" content=\"silvia\" \/>\n<meta name=\"twitter:label1\" content=\"Written by\" \/>\n\t<meta name=\"twitter:data1\" content=\"silvia\" \/>\n\t<meta name=\"twitter:label2\" content=\"Est. reading time\" \/>\n\t<meta name=\"twitter:data2\" content=\"2 minutes\" \/>\n<script type=\"application\/ld+json\" class=\"yoast-schema-graph\">{\"@context\":\"https:\/\/schema.org\",\"@graph\":[{\"@type\":\"Article\",\"@id\":\"https:\/\/ferrocanor.com\/es\/blog\/proyectos\/reforma-integral-casa-moderna\/#article\",\"isPartOf\":{\"@id\":\"https:\/\/ferrocanor.com\/es\/blog\/proyectos\/reforma-integral-casa-moderna\/\"},\"author\":{\"name\":\"silvia\",\"@id\":\"http:\/\/ferrocanor.com\/#\/schema\/person\/d0dbabe9283fc201feefb0f48e49459f\"},\"headline\":\"Reforma integral casa moderna en Benissa\",\"datePublished\":\"2015-11-17T14:25:26+00:00\",\"dateModified\":\"2018-03-11T17:44:26+00:00\",\"mainEntityOfPage\":{\"@id\":\"https:\/\/ferrocanor.com\/es\/blog\/proyectos\/reforma-integral-casa-moderna\/\"},\"wordCount\":425,\"commentCount\":0,\"publisher\":{\"@id\":\"http:\/\/ferrocanor.com\/#organization\"},\"image\":{\"@id\":\"https:\/\/ferrocanor.com\/es\/blog\/proyectos\/reforma-integral-casa-moderna\/#primaryimage\"},\"thumbnailUrl\":\"https:\/\/ferrocanor.com\/wp-content\/uploads\/2015\/11\/casa-moderna-benissa4.jpg\",\"keywords\":[\"#aluminio\",\"#casamoderna\",\"#hierro\",\"#proyectointegral\",\"#reformaintegral\",\"#rehabilitacion\"],\"articleSection\":[\"Trabajos destacados\"],\"inLanguage\":\"es-ES\",\"potentialAction\":[{\"@type\":\"CommentAction\",\"name\":\"Comment\",\"target\":[\"https:\/\/ferrocanor.com\/es\/blog\/proyectos\/reforma-integral-casa-moderna\/#respond\"]}]},{\"@type\":\"WebPage\",\"@id\":\"https:\/\/ferrocanor.com\/es\/blog\/proyectos\/reforma-integral-casa-moderna\/\",\"url\":\"https:\/\/ferrocanor.com\/es\/blog\/proyectos\/reforma-integral-casa-moderna\/\",\"name\":\"Reforma integral para convertir en casa moderna\",\"isPartOf\":{\"@id\":\"http:\/\/ferrocanor.com\/#website\"},\"primaryImageOfPage\":{\"@id\":\"https:\/\/ferrocanor.com\/es\/blog\/proyectos\/reforma-integral-casa-moderna\/#primaryimage\"},\"image\":{\"@id\":\"https:\/\/ferrocanor.com\/es\/blog\/proyectos\/reforma-integral-casa-moderna\/#primaryimage\"},\"thumbnailUrl\":\"https:\/\/ferrocanor.com\/wp-content\/uploads\/2015\/11\/casa-moderna-benissa4.jpg\",\"datePublished\":\"2015-11-17T14:25:26+00:00\",\"dateModified\":\"2018-03-11T17:44:26+00:00\",\"description\":\"Os mostramos una reforma integral para convertir en casa moderna, con perfiles de aluminio lacado gris y diferentes elementos en todo el \u00e1mbito de la casa.\",\"breadcrumb\":{\"@id\":\"https:\/\/ferrocanor.com\/es\/blog\/proyectos\/reforma-integral-casa-moderna\/#breadcrumb\"},\"inLanguage\":\"es-ES\",\"potentialAction\":[{\"@type\":\"ReadAction\",\"target\":[\"https:\/\/ferrocanor.com\/es\/blog\/proyectos\/reforma-integral-casa-moderna\/\"]}]},{\"@type\":\"ImageObject\",\"inLanguage\":\"es-ES\",\"@id\":\"https:\/\/ferrocanor.com\/es\/blog\/proyectos\/reforma-integral-casa-moderna\/#primaryimage\",\"url\":\"https:\/\/ferrocanor.com\/wp-content\/uploads\/2015\/11\/casa-moderna-benissa4.jpg\",\"contentUrl\":\"https:\/\/ferrocanor.com\/wp-content\/uploads\/2015\/11\/casa-moderna-benissa4.jpg\",\"width\":1000,\"height\":750,\"caption\":\"reforma integral\"},{\"@type\":\"BreadcrumbList\",\"@id\":\"https:\/\/ferrocanor.com\/es\/blog\/proyectos\/reforma-integral-casa-moderna\/#breadcrumb\",\"itemListElement\":[{\"@type\":\"ListItem\",\"position\":1,\"name\":\"Home\",\"item\":\"http:\/\/ferrocanor.com\/es\/\"},{\"@type\":\"ListItem\",\"position\":2,\"name\":\"Reforma integral casa moderna en Benissa\"}]},{\"@type\":\"WebSite\",\"@id\":\"http:\/\/ferrocanor.com\/#website\",\"url\":\"http:\/\/ferrocanor.com\/\",\"name\":\"ferrocanor.com\",\"description\":\"Hierro - Aluminio - PVC\",\"publisher\":{\"@id\":\"http:\/\/ferrocanor.com\/#organization\"},\"potentialAction\":[{\"@type\":\"SearchAction\",\"target\":{\"@type\":\"EntryPoint\",\"urlTemplate\":\"http:\/\/ferrocanor.com\/?s={search_term_string}\"},\"query-input\":\"required name=search_term_string\"}],\"inLanguage\":\"es-ES\"},{\"@type\":\"Organization\",\"@id\":\"http:\/\/ferrocanor.com\/#organization\",\"name\":\"ferrocanor.com\",\"url\":\"http:\/\/ferrocanor.com\/\",\"logo\":{\"@type\":\"ImageObject\",\"inLanguage\":\"es-ES\",\"@id\":\"http:\/\/ferrocanor.com\/#\/schema\/logo\/image\/\",\"url\":\"https:\/\/ferrocanor.com\/wp-content\/uploads\/2022\/02\/logo-ferrocanor-horizontal-web-01.png\",\"contentUrl\":\"https:\/\/ferrocanor.com\/wp-content\/uploads\/2022\/02\/logo-ferrocanor-horizontal-web-01.png\",\"width\":357,\"height\":143,\"caption\":\"ferrocanor.com\"},\"image\":{\"@id\":\"http:\/\/ferrocanor.com\/#\/schema\/logo\/image\/\"},\"sameAs\":[\"https:\/\/www.facebook.com\/Canor-ferro-alumini-i-PVC-171451982903235\"]},{\"@type\":\"Person\",\"@id\":\"http:\/\/ferrocanor.com\/#\/schema\/person\/d0dbabe9283fc201feefb0f48e49459f\",\"name\":\"silvia\",\"image\":{\"@type\":\"ImageObject\",\"inLanguage\":\"es-ES\",\"@id\":\"http:\/\/ferrocanor.com\/#\/schema\/person\/image\/\",\"url\":\"https:\/\/secure.gravatar.com\/avatar\/c436b2d9886a89d3c050a3c23a958a5f?s=96&d=mm&r=g\",\"contentUrl\":\"https:\/\/secure.gravatar.com\/avatar\/c436b2d9886a89d3c050a3c23a958a5f?s=96&d=mm&r=g\",\"caption\":\"silvia\"},\"url\":\"https:\/\/ferrocanor.com\/es\/blog\/author\/silvia\/\"}]}<\/script>\n<!-- \/ Yoast SEO plugin. -->","yoast_head_json":{"title":"Reforma integral para convertir en casa moderna","description":"Os mostramos una reforma integral para convertir en casa moderna, con perfiles de aluminio lacado gris y diferentes elementos en todo el \u00e1mbito de la casa.","robots":{"index":"index","follow":"follow","max-snippet":"max-snippet:-1","max-image-preview":"max-image-preview:large","max-video-preview":"max-video-preview:-1"},"canonical":"https:\/\/ferrocanor.com\/es\/blog\/proyectos\/reforma-integral-casa-moderna\/","og_locale":"es_ES","og_type":"article","og_title":"Reforma integral para convertir en casa moderna","og_description":"Os mostramos una reforma integral para convertir en casa moderna, con perfiles de aluminio lacado gris y diferentes elementos en todo el \u00e1mbito de la casa.","og_url":"https:\/\/ferrocanor.com\/es\/blog\/proyectos\/reforma-integral-casa-moderna\/","og_site_name":"ferrocanor.com","article_publisher":"https:\/\/www.facebook.com\/Canor-ferro-alumini-i-PVC-171451982903235","article_published_time":"2015-11-17T14:25:26+00:00","article_modified_time":"2018-03-11T17:44:26+00:00","og_image":[{"width":1000,"height":750,"url":"https:\/\/ferrocanor.com\/wp-content\/uploads\/2015\/11\/casa-moderna-benissa4.jpg","type":"image\/jpeg"}],"author":"silvia","twitter_misc":{"Written by":"silvia","Est. reading time":"2 minutes"},"schema":{"@context":"https:\/\/schema.org","@graph":[{"@type":"Article","@id":"https:\/\/ferrocanor.com\/es\/blog\/proyectos\/reforma-integral-casa-moderna\/#article","isPartOf":{"@id":"https:\/\/ferrocanor.com\/es\/blog\/proyectos\/reforma-integral-casa-moderna\/"},"author":{"name":"silvia","@id":"http:\/\/ferrocanor.com\/#\/schema\/person\/d0dbabe9283fc201feefb0f48e49459f"},"headline":"Reforma integral casa moderna en Benissa","datePublished":"2015-11-17T14:25:26+00:00","dateModified":"2018-03-11T17:44:26+00:00","mainEntityOfPage":{"@id":"https:\/\/ferrocanor.com\/es\/blog\/proyectos\/reforma-integral-casa-moderna\/"},"wordCount":425,"commentCount":0,"publisher":{"@id":"http:\/\/ferrocanor.com\/#organization"},"image":{"@id":"https:\/\/ferrocanor.com\/es\/blog\/proyectos\/reforma-integral-casa-moderna\/#primaryimage"},"thumbnailUrl":"https:\/\/ferrocanor.com\/wp-content\/uploads\/2015\/11\/casa-moderna-benissa4.jpg","keywords":["#aluminio","#casamoderna","#hierro","#proyectointegral","#reformaintegral","#rehabilitacion"],"articleSection":["Trabajos destacados"],"inLanguage":"es-ES","potentialAction":[{"@type":"CommentAction","name":"Comment","target":["https:\/\/ferrocanor.com\/es\/blog\/proyectos\/reforma-integral-casa-moderna\/#respond"]}]},{"@type":"WebPage","@id":"https:\/\/ferrocanor.com\/es\/blog\/proyectos\/reforma-integral-casa-moderna\/","url":"https:\/\/ferrocanor.com\/es\/blog\/proyectos\/reforma-integral-casa-moderna\/","name":"Reforma integral para convertir en casa moderna","isPartOf":{"@id":"http:\/\/ferrocanor.com\/#website"},"primaryImageOfPage":{"@id":"https:\/\/ferrocanor.com\/es\/blog\/proyectos\/reforma-integral-casa-moderna\/#primaryimage"},"image":{"@id":"https:\/\/ferrocanor.com\/es\/blog\/proyectos\/reforma-integral-casa-moderna\/#primaryimage"},"thumbnailUrl":"https:\/\/ferrocanor.com\/wp-content\/uploads\/2015\/11\/casa-moderna-benissa4.jpg","datePublished":"2015-11-17T14:25:26+00:00","dateModified":"2018-03-11T17:44:26+00:00","description":"Os mostramos una reforma integral para convertir en casa moderna, con perfiles de aluminio lacado gris y diferentes elementos en todo el \u00e1mbito de la casa.","breadcrumb":{"@id":"https:\/\/ferrocanor.com\/es\/blog\/proyectos\/reforma-integral-casa-moderna\/#breadcrumb"},"inLanguage":"es-ES","potentialAction":[{"@type":"ReadAction","target":["https:\/\/ferrocanor.com\/es\/blog\/proyectos\/reforma-integral-casa-moderna\/"]}]},{"@type":"ImageObject","inLanguage":"es-ES","@id":"https:\/\/ferrocanor.com\/es\/blog\/proyectos\/reforma-integral-casa-moderna\/#primaryimage","url":"https:\/\/ferrocanor.com\/wp-content\/uploads\/2015\/11\/casa-moderna-benissa4.jpg","contentUrl":"https:\/\/ferrocanor.com\/wp-content\/uploads\/2015\/11\/casa-moderna-benissa4.jpg","width":1000,"height":750,"caption":"reforma integral"},{"@type":"BreadcrumbList","@id":"https:\/\/ferrocanor.com\/es\/blog\/proyectos\/reforma-integral-casa-moderna\/#breadcrumb","itemListElement":[{"@type":"ListItem","position":1,"name":"Home","item":"http:\/\/ferrocanor.com\/es\/"},{"@type":"ListItem","position":2,"name":"Reforma integral casa moderna en Benissa"}]},{"@type":"WebSite","@id":"http:\/\/ferrocanor.com\/#website","url":"http:\/\/ferrocanor.com\/","name":"ferrocanor.com","description":"Hierro - Aluminio - PVC","publisher":{"@id":"http:\/\/ferrocanor.com\/#organization"},"potentialAction":[{"@type":"SearchAction","target":{"@type":"EntryPoint","urlTemplate":"http:\/\/ferrocanor.com\/?s={search_term_string}"},"query-input":"required name=search_term_string"}],"inLanguage":"es-ES"},{"@type":"Organization","@id":"http:\/\/ferrocanor.com\/#organization","name":"ferrocanor.com","url":"http:\/\/ferrocanor.com\/","logo":{"@type":"ImageObject","inLanguage":"es-ES","@id":"http:\/\/ferrocanor.com\/#\/schema\/logo\/image\/","url":"https:\/\/ferrocanor.com\/wp-content\/uploads\/2022\/02\/logo-ferrocanor-horizontal-web-01.png","contentUrl":"https:\/\/ferrocanor.com\/wp-content\/uploads\/2022\/02\/logo-ferrocanor-horizontal-web-01.png","width":357,"height":143,"caption":"ferrocanor.com"},"image":{"@id":"http:\/\/ferrocanor.com\/#\/schema\/logo\/image\/"},"sameAs":["https:\/\/www.facebook.com\/Canor-ferro-alumini-i-PVC-171451982903235"]},{"@type":"Person","@id":"http:\/\/ferrocanor.com\/#\/schema\/person\/d0dbabe9283fc201feefb0f48e49459f","name":"silvia","image":{"@type":"ImageObject","inLanguage":"es-ES","@id":"http:\/\/ferrocanor.com\/#\/schema\/person\/image\/","url":"https:\/\/secure.gravatar.com\/avatar\/c436b2d9886a89d3c050a3c23a958a5f?s=96&d=mm&r=g","contentUrl":"https:\/\/secure.gravatar.com\/avatar\/c436b2d9886a89d3c050a3c23a958a5f?s=96&d=mm&r=g","caption":"silvia"},"url":"https:\/\/ferrocanor.com\/es\/blog\/author\/silvia\/"}]}},"_links":{"self":[{"href":"https:\/\/ferrocanor.com\/es\/wp-json\/wp\/v2\/posts\/6679"}],"collection":[{"href":"https:\/\/ferrocanor.com\/es\/wp-json\/wp\/v2\/posts"}],"about":[{"href":"https:\/\/ferrocanor.com\/es\/wp-json\/wp\/v2\/types\/post"}],"author":[{"embeddable":true,"href":"https:\/\/ferrocanor.com\/es\/wp-json\/wp\/v2\/users\/3"}],"replies":[{"embeddable":true,"href":"https:\/\/ferrocanor.com\/es\/wp-json\/wp\/v2\/comments?post=6679"}],"version-history":[{"count":9,"href":"https:\/\/ferrocanor.com\/es\/wp-json\/wp\/v2\/posts\/6679\/revisions"}],"predecessor-version":[{"id":7851,"href":"https:\/\/ferrocanor.com\/es\/wp-json\/wp\/v2\/posts\/6679\/revisions\/7851"}],"wp:featuredmedia":[{"embeddable":true,"href":"https:\/\/ferrocanor.com\/es\/wp-json\/wp\/v2\/media\/6611"}],"wp:attachment":[{"href":"https:\/\/ferrocanor.com\/es\/wp-json\/wp\/v2\/media?parent=6679"}],"wp:term":[{"taxonomy":"category","embeddable":true,"href":"https:\/\/ferrocanor.com\/es\/wp-json\/wp\/v2\/categories?post=6679"},{"taxonomy":"post_tag","embeddable":true,"href":"https:\/\/ferrocanor.com\/es\/wp-json\/wp\/v2\/tags?post=6679"}],"curies":[{"name":"wp","href":"https:\/\/api.w.org\/{rel}","templated":true}]}}