{"id":7021,"date":"2016-06-30T17:14:49","date_gmt":"2016-06-30T15:14:49","guid":{"rendered":"https:\/\/ferrocanor.com\/es\/?p=7021"},"modified":"2018-03-11T18:37:08","modified_gmt":"2018-03-11T17:37:08","slug":"casa-andrago","status":"publish","type":"post","link":"https:\/\/ferrocanor.com\/es\/blog\/proyectos\/casa-andrago\/","title":{"rendered":"Casa Unifamiliar &#8220;Andrag\u00f3&#8221;"},"content":{"rendered":"<p><a href=\"https:\/\/ferrocanor.com\/wp-content\/uploads\/2016\/06\/casa-andrago-moraira.jpg\" rel=\"attachment wp-att-6986\" data-rel=\"lightbox-image-0\" data-rl_title=\"\" data-rl_caption=\"\" title=\"\"><img loading=\"lazy\" decoding=\"async\" class=\"aligncenter size-full wp-image-6986\" src=\"https:\/\/ferrocanor.com\/wp-content\/uploads\/2016\/06\/casa-andrago-moraira.jpg\" alt=\"casa-andrago-moraira\" width=\"1000\" height=\"500\" srcset=\"https:\/\/ferrocanor.com\/wp-content\/uploads\/2016\/06\/casa-andrago-moraira.jpg 1000w, https:\/\/ferrocanor.com\/wp-content\/uploads\/2016\/06\/casa-andrago-moraira-300x150.jpg 300w, https:\/\/ferrocanor.com\/wp-content\/uploads\/2016\/06\/casa-andrago-moraira-768x384.jpg 768w, https:\/\/ferrocanor.com\/wp-content\/uploads\/2016\/06\/casa-andrago-moraira-250x125.jpg 250w\" sizes=\"(max-width: 1000px) 100vw, 1000px\" \/><\/a><\/p>\n<p>En este trabajo, &#8220;Casa Andrag\u00f3&#8221;,<br \/>\nclaramente podemos ver que lo que priman son\u00a0 las curvas y tampoco pasan desapercibidas las 52 piezas en total que tiene esta casa y que pudimos fabricar entre ventanas, puertas y correderas, algunas de ellas de gran altura.<\/p>\n<p>Se escogi\u00f3 perfiler\u00eda de aluminio con rotura de puente t\u00e9rmico para mayor aislamiento t\u00e9rmico y \u00a0lacado color madera Nogal Italiano, nogal oscuro, el cual aport\u00f3 calidez e intensifico su car\u00e1cter.<\/p>\n<p><strong>Elementos empleados en esta vivienda:<\/strong><\/p>\n<ul>\n<li>Ventanas correderas con rotura t\u00e9rmica serie Tecknica Thermic de ALUMED<\/li>\n<li>Ventanas oscilobatientes con curva y rotura t\u00e9rmica serie GP-R45 RPT de ALUMED<\/li>\n<li>Doble acristalamiento y laminado de seguridad<\/li>\n<li>Aluminio lacado color madera Nogal Italiano<\/li>\n<\/ul>\n<div id=\"attachment_6989\" style=\"width: 260px\" class=\"wp-caption alignright\"><a href=\"https:\/\/ferrocanor.com\/wp-content\/uploads\/2016\/06\/puerta-abatible-de-2-hojas-y-fijos-con-curva.jpg\" rel=\"attachment wp-att-6989\" data-rel=\"lightbox-image-1\" data-rl_title=\"\" data-rl_caption=\"\" title=\"\"><img loading=\"lazy\" decoding=\"async\" aria-describedby=\"caption-attachment-6989\" class=\"wp-image-6989 size-product-tile\" src=\"https:\/\/ferrocanor.com\/wp-content\/uploads\/2016\/06\/puerta-abatible-de-2-hojas-y-fijos-con-curva-250x188.jpg\" alt=\"Puerta abatible de 2 hojas y fijos con curva\" width=\"250\" height=\"188\" srcset=\"https:\/\/ferrocanor.com\/wp-content\/uploads\/2016\/06\/puerta-abatible-de-2-hojas-y-fijos-con-curva-250x188.jpg 250w, https:\/\/ferrocanor.com\/wp-content\/uploads\/2016\/06\/puerta-abatible-de-2-hojas-y-fijos-con-curva-300x225.jpg 300w, https:\/\/ferrocanor.com\/wp-content\/uploads\/2016\/06\/puerta-abatible-de-2-hojas-y-fijos-con-curva-768x576.jpg 768w, https:\/\/ferrocanor.com\/wp-content\/uploads\/2016\/06\/puerta-abatible-de-2-hojas-y-fijos-con-curva.jpg 1000w\" sizes=\"(max-width: 250px) 100vw, 250px\" \/><\/a><p id=\"caption-attachment-6989\" class=\"wp-caption-text\">Puerta abatible de 2 hojas y fijos con curva<\/p><\/div>\n<div id=\"attachment_6992\" style=\"width: 260px\" class=\"wp-caption alignleft\"><a href=\"https:\/\/ferrocanor.com\/wp-content\/uploads\/2016\/06\/ventanas-y-puertas.jpg\" rel=\"attachment wp-att-6992\" data-rel=\"lightbox-image-2\" data-rl_title=\"\" data-rl_caption=\"\" title=\"\"><img loading=\"lazy\" decoding=\"async\" aria-describedby=\"caption-attachment-6992\" class=\"wp-image-6992 size-product-tile\" src=\"https:\/\/ferrocanor.com\/wp-content\/uploads\/2016\/06\/ventanas-y-puertas-250x188.jpg\" alt=\"Ventanas y puertas\" width=\"250\" height=\"188\" srcset=\"https:\/\/ferrocanor.com\/wp-content\/uploads\/2016\/06\/ventanas-y-puertas-250x188.jpg 250w, https:\/\/ferrocanor.com\/wp-content\/uploads\/2016\/06\/ventanas-y-puertas-300x225.jpg 300w, https:\/\/ferrocanor.com\/wp-content\/uploads\/2016\/06\/ventanas-y-puertas-768x576.jpg 768w, https:\/\/ferrocanor.com\/wp-content\/uploads\/2016\/06\/ventanas-y-puertas.jpg 1000w\" sizes=\"(max-width: 250px) 100vw, 250px\" \/><\/a><p id=\"caption-attachment-6992\" class=\"wp-caption-text\">Ventanas y puertas<\/p><\/div>\n<p>&nbsp;<\/p>\n<p>&nbsp;<\/p>\n<p>&nbsp;<\/p>\n<p>&nbsp;<\/p>\n<p>&nbsp;<\/p>\n<p>&nbsp;<\/p>\n<p>&nbsp;<\/p>\n<div id=\"attachment_6995\" style=\"width: 260px\" class=\"wp-caption alignright\"><a href=\"https:\/\/ferrocanor.com\/wp-content\/uploads\/2016\/06\/puerta-y-fijos-con-curva-en-aluminio-color-madera.jpg\" rel=\"attachment wp-att-6995\" data-rel=\"lightbox-image-3\" data-rl_title=\"\" data-rl_caption=\"\" title=\"\"><img loading=\"lazy\" decoding=\"async\" aria-describedby=\"caption-attachment-6995\" class=\"wp-image-6995 size-product-tile\" src=\"https:\/\/ferrocanor.com\/wp-content\/uploads\/2016\/06\/puerta-y-fijos-con-curva-en-aluminio-color-madera-250x188.jpg\" alt=\"Puerta y fijos con curva en aluminio color madera\" width=\"250\" height=\"188\" srcset=\"https:\/\/ferrocanor.com\/wp-content\/uploads\/2016\/06\/puerta-y-fijos-con-curva-en-aluminio-color-madera-250x188.jpg 250w, https:\/\/ferrocanor.com\/wp-content\/uploads\/2016\/06\/puerta-y-fijos-con-curva-en-aluminio-color-madera-300x225.jpg 300w, https:\/\/ferrocanor.com\/wp-content\/uploads\/2016\/06\/puerta-y-fijos-con-curva-en-aluminio-color-madera-768x576.jpg 768w, https:\/\/ferrocanor.com\/wp-content\/uploads\/2016\/06\/puerta-y-fijos-con-curva-en-aluminio-color-madera.jpg 1000w\" sizes=\"(max-width: 250px) 100vw, 250px\" \/><\/a><p id=\"caption-attachment-6995\" class=\"wp-caption-text\">Puerta y fijos con curva en aluminio color madera<\/p><\/div>\n<div id=\"attachment_6998\" style=\"width: 260px\" class=\"wp-caption alignleft\"><a href=\"https:\/\/ferrocanor.com\/wp-content\/uploads\/2016\/06\/vista-exterior-finestres.jpg\" rel=\"attachment wp-att-6998\" data-rel=\"lightbox-image-4\" data-rl_title=\"\" data-rl_caption=\"\" title=\"\"><img loading=\"lazy\" decoding=\"async\" aria-describedby=\"caption-attachment-6998\" class=\"wp-image-6998 size-product-tile\" src=\"https:\/\/ferrocanor.com\/wp-content\/uploads\/2016\/06\/vista-exterior-finestres-250x188.jpg\" alt=\"Puerta y fijos con curva en aluminio color madera\" width=\"250\" height=\"188\" srcset=\"https:\/\/ferrocanor.com\/wp-content\/uploads\/2016\/06\/vista-exterior-finestres-250x188.jpg 250w, https:\/\/ferrocanor.com\/wp-content\/uploads\/2016\/06\/vista-exterior-finestres-300x225.jpg 300w, https:\/\/ferrocanor.com\/wp-content\/uploads\/2016\/06\/vista-exterior-finestres-768x576.jpg 768w, https:\/\/ferrocanor.com\/wp-content\/uploads\/2016\/06\/vista-exterior-finestres.jpg 1000w\" sizes=\"(max-width: 250px) 100vw, 250px\" \/><\/a><p id=\"caption-attachment-6998\" class=\"wp-caption-text\">Puerta y fijos con curva en aluminio color madera<\/p><\/div>\n<p>&nbsp;<\/p>\n<p>&nbsp;<\/p>\n<p>&nbsp;<\/p>\n<p>&nbsp;<\/p>\n<p>&nbsp;<\/p>\n<p>&nbsp;<\/p>\n<p>&nbsp;<\/p>\n<div id=\"attachment_7001\" style=\"width: 260px\" class=\"wp-caption alignleft\"><a href=\"https:\/\/ferrocanor.com\/wp-content\/uploads\/2016\/06\/fijos-y-ventana-con-curva-en-aluminio-color-madera.jpg\" rel=\"attachment wp-att-7001\" data-rel=\"lightbox-image-5\" data-rl_title=\"\" data-rl_caption=\"\" title=\"\"><img loading=\"lazy\" decoding=\"async\" aria-describedby=\"caption-attachment-7001\" class=\"wp-image-7001 size-product-tile\" src=\"https:\/\/ferrocanor.com\/wp-content\/uploads\/2016\/06\/fijos-y-ventana-con-curva-en-aluminio-color-madera-250x188.jpg\" alt=\"Fijos y ventana con curva en aluminio color madera\" width=\"250\" height=\"188\" srcset=\"https:\/\/ferrocanor.com\/wp-content\/uploads\/2016\/06\/fijos-y-ventana-con-curva-en-aluminio-color-madera-250x188.jpg 250w, https:\/\/ferrocanor.com\/wp-content\/uploads\/2016\/06\/fijos-y-ventana-con-curva-en-aluminio-color-madera-300x225.jpg 300w, https:\/\/ferrocanor.com\/wp-content\/uploads\/2016\/06\/fijos-y-ventana-con-curva-en-aluminio-color-madera-768x576.jpg 768w, https:\/\/ferrocanor.com\/wp-content\/uploads\/2016\/06\/fijos-y-ventana-con-curva-en-aluminio-color-madera.jpg 1000w\" sizes=\"(max-width: 250px) 100vw, 250px\" \/><\/a><p id=\"caption-attachment-7001\" class=\"wp-caption-text\">Fijos y ventana con curva en aluminio color madera<\/p><\/div>\n<div id=\"attachment_7004\" style=\"width: 260px\" class=\"wp-caption alignright\"><a href=\"https:\/\/ferrocanor.com\/wp-content\/uploads\/2016\/06\/vista-interior-finestres-escala.jpg\" rel=\"attachment wp-att-7004\" data-rel=\"lightbox-image-6\" data-rl_title=\"\" data-rl_caption=\"\" title=\"\"><img loading=\"lazy\" decoding=\"async\" aria-describedby=\"caption-attachment-7004\" class=\"wp-image-7004 size-product-tile\" src=\"https:\/\/ferrocanor.com\/wp-content\/uploads\/2016\/06\/vista-interior-finestres-escala-250x188.jpg\" alt=\"Vista interior de fijos y ventana con curva en aluminio color madera\" width=\"250\" height=\"188\" srcset=\"https:\/\/ferrocanor.com\/wp-content\/uploads\/2016\/06\/vista-interior-finestres-escala-250x188.jpg 250w, https:\/\/ferrocanor.com\/wp-content\/uploads\/2016\/06\/vista-interior-finestres-escala-300x225.jpg 300w, https:\/\/ferrocanor.com\/wp-content\/uploads\/2016\/06\/vista-interior-finestres-escala-768x576.jpg 768w, https:\/\/ferrocanor.com\/wp-content\/uploads\/2016\/06\/vista-interior-finestres-escala.jpg 1000w\" sizes=\"(max-width: 250px) 100vw, 250px\" \/><\/a><p id=\"caption-attachment-7004\" class=\"wp-caption-text\">Vista interior de fijos y ventana con curva en aluminio color madera<\/p><\/div>\n<p>&nbsp;<\/p>\n<p>&nbsp;<\/p>\n<p>&nbsp;<\/p>\n<p>&nbsp;<\/p>\n<p>&nbsp;<\/p>\n<p>&nbsp;<\/p>\n<p>&nbsp;<\/p>\n<div id=\"attachment_7007\" style=\"width: 260px\" class=\"wp-caption alignleft\"><a href=\"https:\/\/ferrocanor.com\/wp-content\/uploads\/2016\/06\/ventanas-aluminio-color-madera.jpg\" rel=\"attachment wp-att-7007\" data-rel=\"lightbox-image-7\" data-rl_title=\"\" data-rl_caption=\"\" title=\"\"><img loading=\"lazy\" decoding=\"async\" aria-describedby=\"caption-attachment-7007\" class=\"wp-image-7007 size-product-tile\" src=\"https:\/\/ferrocanor.com\/wp-content\/uploads\/2016\/06\/ventanas-aluminio-color-madera-250x188.jpg\" alt=\"Ventanas aluminio color madera\" width=\"250\" height=\"188\" srcset=\"https:\/\/ferrocanor.com\/wp-content\/uploads\/2016\/06\/ventanas-aluminio-color-madera-250x188.jpg 250w, https:\/\/ferrocanor.com\/wp-content\/uploads\/2016\/06\/ventanas-aluminio-color-madera-300x225.jpg 300w, https:\/\/ferrocanor.com\/wp-content\/uploads\/2016\/06\/ventanas-aluminio-color-madera-768x576.jpg 768w, https:\/\/ferrocanor.com\/wp-content\/uploads\/2016\/06\/ventanas-aluminio-color-madera.jpg 1000w\" sizes=\"(max-width: 250px) 100vw, 250px\" \/><\/a><p id=\"caption-attachment-7007\" class=\"wp-caption-text\">Ventanas aluminio color madera<\/p><\/div>\n<div id=\"attachment_7010\" style=\"width: 260px\" class=\"wp-caption alignright\"><a href=\"https:\/\/ferrocanor.com\/wp-content\/uploads\/2016\/06\/ventana-y-puerta-abatible.jpg\" rel=\"attachment wp-att-7010\" data-rel=\"lightbox-image-8\" data-rl_title=\"\" data-rl_caption=\"\" title=\"\"><img loading=\"lazy\" decoding=\"async\" aria-describedby=\"caption-attachment-7010\" class=\"wp-image-7010 size-product-tile\" src=\"https:\/\/ferrocanor.com\/wp-content\/uploads\/2016\/06\/ventana-y-puerta-abatible-250x188.jpg\" alt=\"Ventanas y puerta abatible aluminio color madera\" width=\"250\" height=\"188\" srcset=\"https:\/\/ferrocanor.com\/wp-content\/uploads\/2016\/06\/ventana-y-puerta-abatible-250x188.jpg 250w, https:\/\/ferrocanor.com\/wp-content\/uploads\/2016\/06\/ventana-y-puerta-abatible-300x225.jpg 300w, https:\/\/ferrocanor.com\/wp-content\/uploads\/2016\/06\/ventana-y-puerta-abatible-768x576.jpg 768w, https:\/\/ferrocanor.com\/wp-content\/uploads\/2016\/06\/ventana-y-puerta-abatible.jpg 1000w\" sizes=\"(max-width: 250px) 100vw, 250px\" \/><\/a><p id=\"caption-attachment-7010\" class=\"wp-caption-text\">Ventanas y puerta abatible aluminio color madera<\/p><\/div>\n<p>&nbsp;<\/p>\n<p>&nbsp;<\/p>\n<p>&nbsp;<\/p>\n<p>&nbsp;<\/p>\n<p>&nbsp;<\/p>\n<p>&nbsp;<\/p>\n<div id=\"attachment_7013\" style=\"width: 260px\" class=\"wp-caption alignleft\"><a href=\"https:\/\/ferrocanor.com\/wp-content\/uploads\/2016\/06\/ventanas-y-puertas-exterior.jpg\" rel=\"attachment wp-att-7013\" data-rel=\"lightbox-image-9\" data-rl_title=\"\" data-rl_caption=\"\" title=\"\"><img loading=\"lazy\" decoding=\"async\" aria-describedby=\"caption-attachment-7013\" class=\"wp-image-7013 size-product-tile\" src=\"https:\/\/ferrocanor.com\/wp-content\/uploads\/2016\/06\/ventanas-y-puertas-exterior-250x188.jpg\" alt=\"Puertas color madera\" width=\"250\" height=\"188\" srcset=\"https:\/\/ferrocanor.com\/wp-content\/uploads\/2016\/06\/ventanas-y-puertas-exterior-250x188.jpg 250w, https:\/\/ferrocanor.com\/wp-content\/uploads\/2016\/06\/ventanas-y-puertas-exterior-300x225.jpg 300w, https:\/\/ferrocanor.com\/wp-content\/uploads\/2016\/06\/ventanas-y-puertas-exterior-768x576.jpg 768w, https:\/\/ferrocanor.com\/wp-content\/uploads\/2016\/06\/ventanas-y-puertas-exterior.jpg 1000w\" sizes=\"(max-width: 250px) 100vw, 250px\" \/><\/a><p id=\"caption-attachment-7013\" class=\"wp-caption-text\">Puertas color madera<\/p><\/div>\n<div id=\"attachment_7016\" style=\"width: 260px\" class=\"wp-caption alignright\"><a href=\"https:\/\/ferrocanor.com\/wp-content\/uploads\/2016\/06\/balcon.jpg\" rel=\"attachment wp-att-7016\" data-rel=\"lightbox-image-10\" data-rl_title=\"\" data-rl_caption=\"\" title=\"\"><img loading=\"lazy\" decoding=\"async\" aria-describedby=\"caption-attachment-7016\" class=\"wp-image-7016 size-product-tile\" src=\"https:\/\/ferrocanor.com\/wp-content\/uploads\/2016\/06\/balcon-250x188.jpg\" alt=\"Balc\u00f3n y ventana abatible\" width=\"250\" height=\"188\" srcset=\"https:\/\/ferrocanor.com\/wp-content\/uploads\/2016\/06\/balcon-250x188.jpg 250w, https:\/\/ferrocanor.com\/wp-content\/uploads\/2016\/06\/balcon-300x225.jpg 300w, https:\/\/ferrocanor.com\/wp-content\/uploads\/2016\/06\/balcon-768x576.jpg 768w, https:\/\/ferrocanor.com\/wp-content\/uploads\/2016\/06\/balcon.jpg 1000w\" sizes=\"(max-width: 250px) 100vw, 250px\" \/><\/a><p id=\"caption-attachment-7016\" class=\"wp-caption-text\">Balc\u00f3n y ventana abatible<\/p><\/div>\n","protected":false},"excerpt":{"rendered":"<p>En este trabajo, &#8220;Casa Andrag\u00f3&#8221;, claramente podemos ver que lo que priman son\u00a0 las curvas y tampoco pasan desapercibidas las 52 piezas en total que tiene esta casa y que pudimos fabricar entre ventanas, puertas y correderas, algunas de ellas de gran altura. Se escogi\u00f3 perfiler\u00eda de aluminio con rotura de puente t\u00e9rmico para mayor [&hellip;]<\/p>\n","protected":false},"author":3,"featured_media":6988,"comment_status":"open","ping_status":"open","sticky":false,"template":"","format":"standard","meta":{"_monsterinsights_skip_tracking":false,"_monsterinsights_sitenote_active":false,"_monsterinsights_sitenote_note":"","_monsterinsights_sitenote_category":0,"footnotes":""},"categories":[21],"tags":[81,89,73,31],"yoast_head":"<!-- This site is optimized with the Yoast SEO plugin v22.9 - https:\/\/yoast.com\/wordpress\/plugins\/seo\/ -->\n<title>Casa unifamiliar &quot;Casa Andrag\u00f3&quot; aluminio de calidad color madera<\/title>\n<meta name=\"description\" content=\"En este trabajo de la Casa Andrag\u00f3 podemos ver todas las piezas, la mayor\u00eda de ellas acabadas en curva y un acabado color madera.\" \/>\n<meta name=\"robots\" content=\"index, follow, max-snippet:-1, max-image-preview:large, max-video-preview:-1\" \/>\n<link rel=\"canonical\" href=\"https:\/\/ferrocanor.com\/es\/blog\/proyectos\/casa-andrago\/\" \/>\n<meta property=\"og:locale\" content=\"es_ES\" \/>\n<meta property=\"og:type\" content=\"article\" \/>\n<meta property=\"og:title\" content=\"Casa unifamiliar &quot;Casa Andrag\u00f3&quot; aluminio de calidad color madera\" \/>\n<meta property=\"og:description\" content=\"En este trabajo de la Casa Andrag\u00f3 podemos ver todas las piezas, la mayor\u00eda de ellas acabadas en curva y un acabado color madera.\" \/>\n<meta property=\"og:url\" content=\"https:\/\/ferrocanor.com\/es\/blog\/proyectos\/casa-andrago\/\" \/>\n<meta property=\"og:site_name\" content=\"ferrocanor.com\" \/>\n<meta property=\"article:publisher\" content=\"https:\/\/www.facebook.com\/Canor-ferro-alumini-i-PVC-171451982903235\" \/>\n<meta property=\"article:published_time\" content=\"2016-06-30T15:14:49+00:00\" \/>\n<meta property=\"article:modified_time\" content=\"2018-03-11T17:37:08+00:00\" \/>\n<meta property=\"og:image\" content=\"https:\/\/ferrocanor.com\/wp-content\/uploads\/2016\/06\/casa-andrago-moraira.jpg\" \/>\n\t<meta property=\"og:image:width\" content=\"1000\" \/>\n\t<meta property=\"og:image:height\" content=\"500\" \/>\n\t<meta property=\"og:image:type\" content=\"image\/jpeg\" \/>\n<meta name=\"author\" content=\"silvia\" \/>\n<meta name=\"twitter:label1\" content=\"Written by\" \/>\n\t<meta name=\"twitter:data1\" content=\"silvia\" \/>\n\t<meta name=\"twitter:label2\" content=\"Est. reading time\" \/>\n\t<meta name=\"twitter:data2\" content=\"1 minute\" \/>\n<script type=\"application\/ld+json\" class=\"yoast-schema-graph\">{\"@context\":\"https:\/\/schema.org\",\"@graph\":[{\"@type\":\"Article\",\"@id\":\"https:\/\/ferrocanor.com\/es\/blog\/proyectos\/casa-andrago\/#article\",\"isPartOf\":{\"@id\":\"https:\/\/ferrocanor.com\/es\/blog\/proyectos\/casa-andrago\/\"},\"author\":{\"name\":\"silvia\",\"@id\":\"http:\/\/ferrocanor.com\/#\/schema\/person\/d0dbabe9283fc201feefb0f48e49459f\"},\"headline\":\"Casa Unifamiliar &#8220;Andrag\u00f3&#8221;\",\"datePublished\":\"2016-06-30T15:14:49+00:00\",\"dateModified\":\"2018-03-11T17:37:08+00:00\",\"mainEntityOfPage\":{\"@id\":\"https:\/\/ferrocanor.com\/es\/blog\/proyectos\/casa-andrago\/\"},\"wordCount\":286,\"commentCount\":0,\"publisher\":{\"@id\":\"http:\/\/ferrocanor.com\/#organization\"},\"image\":{\"@id\":\"https:\/\/ferrocanor.com\/es\/blog\/proyectos\/casa-andrago\/#primaryimage\"},\"thumbnailUrl\":\"https:\/\/ferrocanor.com\/wp-content\/uploads\/2016\/06\/casa-andrago-moraira.jpg\",\"keywords\":[\"#aluminio\",\"#casa\",\"#proyecto\",\"#ventanasaluminio\"],\"articleSection\":[\"Trabajos destacados\"],\"inLanguage\":\"es-ES\",\"potentialAction\":[{\"@type\":\"CommentAction\",\"name\":\"Comment\",\"target\":[\"https:\/\/ferrocanor.com\/es\/blog\/proyectos\/casa-andrago\/#respond\"]}]},{\"@type\":\"WebPage\",\"@id\":\"https:\/\/ferrocanor.com\/es\/blog\/proyectos\/casa-andrago\/\",\"url\":\"https:\/\/ferrocanor.com\/es\/blog\/proyectos\/casa-andrago\/\",\"name\":\"Casa unifamiliar \\\"Casa Andrag\u00f3\\\" aluminio de calidad color madera\",\"isPartOf\":{\"@id\":\"http:\/\/ferrocanor.com\/#website\"},\"primaryImageOfPage\":{\"@id\":\"https:\/\/ferrocanor.com\/es\/blog\/proyectos\/casa-andrago\/#primaryimage\"},\"image\":{\"@id\":\"https:\/\/ferrocanor.com\/es\/blog\/proyectos\/casa-andrago\/#primaryimage\"},\"thumbnailUrl\":\"https:\/\/ferrocanor.com\/wp-content\/uploads\/2016\/06\/casa-andrago-moraira.jpg\",\"datePublished\":\"2016-06-30T15:14:49+00:00\",\"dateModified\":\"2018-03-11T17:37:08+00:00\",\"description\":\"En este trabajo de la Casa Andrag\u00f3 podemos ver todas las piezas, la mayor\u00eda de ellas acabadas en curva y un acabado color madera.\",\"breadcrumb\":{\"@id\":\"https:\/\/ferrocanor.com\/es\/blog\/proyectos\/casa-andrago\/#breadcrumb\"},\"inLanguage\":\"es-ES\",\"potentialAction\":[{\"@type\":\"ReadAction\",\"target\":[\"https:\/\/ferrocanor.com\/es\/blog\/proyectos\/casa-andrago\/\"]}]},{\"@type\":\"ImageObject\",\"inLanguage\":\"es-ES\",\"@id\":\"https:\/\/ferrocanor.com\/es\/blog\/proyectos\/casa-andrago\/#primaryimage\",\"url\":\"https:\/\/ferrocanor.com\/wp-content\/uploads\/2016\/06\/casa-andrago-moraira.jpg\",\"contentUrl\":\"https:\/\/ferrocanor.com\/wp-content\/uploads\/2016\/06\/casa-andrago-moraira.jpg\",\"width\":1000,\"height\":500},{\"@type\":\"BreadcrumbList\",\"@id\":\"https:\/\/ferrocanor.com\/es\/blog\/proyectos\/casa-andrago\/#breadcrumb\",\"itemListElement\":[{\"@type\":\"ListItem\",\"position\":1,\"name\":\"Home\",\"item\":\"http:\/\/ferrocanor.com\/es\/\"},{\"@type\":\"ListItem\",\"position\":2,\"name\":\"Casa Unifamiliar &#8220;Andrag\u00f3&#8221;\"}]},{\"@type\":\"WebSite\",\"@id\":\"http:\/\/ferrocanor.com\/#website\",\"url\":\"http:\/\/ferrocanor.com\/\",\"name\":\"ferrocanor.com\",\"description\":\"Hierro - Aluminio - PVC\",\"publisher\":{\"@id\":\"http:\/\/ferrocanor.com\/#organization\"},\"potentialAction\":[{\"@type\":\"SearchAction\",\"target\":{\"@type\":\"EntryPoint\",\"urlTemplate\":\"http:\/\/ferrocanor.com\/?s={search_term_string}\"},\"query-input\":\"required name=search_term_string\"}],\"inLanguage\":\"es-ES\"},{\"@type\":\"Organization\",\"@id\":\"http:\/\/ferrocanor.com\/#organization\",\"name\":\"ferrocanor.com\",\"url\":\"http:\/\/ferrocanor.com\/\",\"logo\":{\"@type\":\"ImageObject\",\"inLanguage\":\"es-ES\",\"@id\":\"http:\/\/ferrocanor.com\/#\/schema\/logo\/image\/\",\"url\":\"https:\/\/ferrocanor.com\/wp-content\/uploads\/2022\/02\/logo-ferrocanor-horizontal-web-01.png\",\"contentUrl\":\"https:\/\/ferrocanor.com\/wp-content\/uploads\/2022\/02\/logo-ferrocanor-horizontal-web-01.png\",\"width\":357,\"height\":143,\"caption\":\"ferrocanor.com\"},\"image\":{\"@id\":\"http:\/\/ferrocanor.com\/#\/schema\/logo\/image\/\"},\"sameAs\":[\"https:\/\/www.facebook.com\/Canor-ferro-alumini-i-PVC-171451982903235\"]},{\"@type\":\"Person\",\"@id\":\"http:\/\/ferrocanor.com\/#\/schema\/person\/d0dbabe9283fc201feefb0f48e49459f\",\"name\":\"silvia\",\"image\":{\"@type\":\"ImageObject\",\"inLanguage\":\"es-ES\",\"@id\":\"http:\/\/ferrocanor.com\/#\/schema\/person\/image\/\",\"url\":\"https:\/\/secure.gravatar.com\/avatar\/c436b2d9886a89d3c050a3c23a958a5f?s=96&d=mm&r=g\",\"contentUrl\":\"https:\/\/secure.gravatar.com\/avatar\/c436b2d9886a89d3c050a3c23a958a5f?s=96&d=mm&r=g\",\"caption\":\"silvia\"},\"url\":\"https:\/\/ferrocanor.com\/es\/blog\/author\/silvia\/\"}]}<\/script>\n<!-- \/ Yoast SEO plugin. -->","yoast_head_json":{"title":"Casa unifamiliar \"Casa Andrag\u00f3\" aluminio de calidad color madera","description":"En este trabajo de la Casa Andrag\u00f3 podemos ver todas las piezas, la mayor\u00eda de ellas acabadas en curva y un acabado color madera.","robots":{"index":"index","follow":"follow","max-snippet":"max-snippet:-1","max-image-preview":"max-image-preview:large","max-video-preview":"max-video-preview:-1"},"canonical":"https:\/\/ferrocanor.com\/es\/blog\/proyectos\/casa-andrago\/","og_locale":"es_ES","og_type":"article","og_title":"Casa unifamiliar \"Casa Andrag\u00f3\" aluminio de calidad color madera","og_description":"En este trabajo de la Casa Andrag\u00f3 podemos ver todas las piezas, la mayor\u00eda de ellas acabadas en curva y un acabado color madera.","og_url":"https:\/\/ferrocanor.com\/es\/blog\/proyectos\/casa-andrago\/","og_site_name":"ferrocanor.com","article_publisher":"https:\/\/www.facebook.com\/Canor-ferro-alumini-i-PVC-171451982903235","article_published_time":"2016-06-30T15:14:49+00:00","article_modified_time":"2018-03-11T17:37:08+00:00","og_image":[{"width":1000,"height":500,"url":"https:\/\/ferrocanor.com\/wp-content\/uploads\/2016\/06\/casa-andrago-moraira.jpg","type":"image\/jpeg"}],"author":"silvia","twitter_misc":{"Written by":"silvia","Est. reading time":"1 minute"},"schema":{"@context":"https:\/\/schema.org","@graph":[{"@type":"Article","@id":"https:\/\/ferrocanor.com\/es\/blog\/proyectos\/casa-andrago\/#article","isPartOf":{"@id":"https:\/\/ferrocanor.com\/es\/blog\/proyectos\/casa-andrago\/"},"author":{"name":"silvia","@id":"http:\/\/ferrocanor.com\/#\/schema\/person\/d0dbabe9283fc201feefb0f48e49459f"},"headline":"Casa Unifamiliar &#8220;Andrag\u00f3&#8221;","datePublished":"2016-06-30T15:14:49+00:00","dateModified":"2018-03-11T17:37:08+00:00","mainEntityOfPage":{"@id":"https:\/\/ferrocanor.com\/es\/blog\/proyectos\/casa-andrago\/"},"wordCount":286,"commentCount":0,"publisher":{"@id":"http:\/\/ferrocanor.com\/#organization"},"image":{"@id":"https:\/\/ferrocanor.com\/es\/blog\/proyectos\/casa-andrago\/#primaryimage"},"thumbnailUrl":"https:\/\/ferrocanor.com\/wp-content\/uploads\/2016\/06\/casa-andrago-moraira.jpg","keywords":["#aluminio","#casa","#proyecto","#ventanasaluminio"],"articleSection":["Trabajos destacados"],"inLanguage":"es-ES","potentialAction":[{"@type":"CommentAction","name":"Comment","target":["https:\/\/ferrocanor.com\/es\/blog\/proyectos\/casa-andrago\/#respond"]}]},{"@type":"WebPage","@id":"https:\/\/ferrocanor.com\/es\/blog\/proyectos\/casa-andrago\/","url":"https:\/\/ferrocanor.com\/es\/blog\/proyectos\/casa-andrago\/","name":"Casa unifamiliar \"Casa Andrag\u00f3\" aluminio de calidad color madera","isPartOf":{"@id":"http:\/\/ferrocanor.com\/#website"},"primaryImageOfPage":{"@id":"https:\/\/ferrocanor.com\/es\/blog\/proyectos\/casa-andrago\/#primaryimage"},"image":{"@id":"https:\/\/ferrocanor.com\/es\/blog\/proyectos\/casa-andrago\/#primaryimage"},"thumbnailUrl":"https:\/\/ferrocanor.com\/wp-content\/uploads\/2016\/06\/casa-andrago-moraira.jpg","datePublished":"2016-06-30T15:14:49+00:00","dateModified":"2018-03-11T17:37:08+00:00","description":"En este trabajo de la Casa Andrag\u00f3 podemos ver todas las piezas, la mayor\u00eda de ellas acabadas en curva y un acabado color madera.","breadcrumb":{"@id":"https:\/\/ferrocanor.com\/es\/blog\/proyectos\/casa-andrago\/#breadcrumb"},"inLanguage":"es-ES","potentialAction":[{"@type":"ReadAction","target":["https:\/\/ferrocanor.com\/es\/blog\/proyectos\/casa-andrago\/"]}]},{"@type":"ImageObject","inLanguage":"es-ES","@id":"https:\/\/ferrocanor.com\/es\/blog\/proyectos\/casa-andrago\/#primaryimage","url":"https:\/\/ferrocanor.com\/wp-content\/uploads\/2016\/06\/casa-andrago-moraira.jpg","contentUrl":"https:\/\/ferrocanor.com\/wp-content\/uploads\/2016\/06\/casa-andrago-moraira.jpg","width":1000,"height":500},{"@type":"BreadcrumbList","@id":"https:\/\/ferrocanor.com\/es\/blog\/proyectos\/casa-andrago\/#breadcrumb","itemListElement":[{"@type":"ListItem","position":1,"name":"Home","item":"http:\/\/ferrocanor.com\/es\/"},{"@type":"ListItem","position":2,"name":"Casa Unifamiliar &#8220;Andrag\u00f3&#8221;"}]},{"@type":"WebSite","@id":"http:\/\/ferrocanor.com\/#website","url":"http:\/\/ferrocanor.com\/","name":"ferrocanor.com","description":"Hierro - Aluminio - PVC","publisher":{"@id":"http:\/\/ferrocanor.com\/#organization"},"potentialAction":[{"@type":"SearchAction","target":{"@type":"EntryPoint","urlTemplate":"http:\/\/ferrocanor.com\/?s={search_term_string}"},"query-input":"required name=search_term_string"}],"inLanguage":"es-ES"},{"@type":"Organization","@id":"http:\/\/ferrocanor.com\/#organization","name":"ferrocanor.com","url":"http:\/\/ferrocanor.com\/","logo":{"@type":"ImageObject","inLanguage":"es-ES","@id":"http:\/\/ferrocanor.com\/#\/schema\/logo\/image\/","url":"https:\/\/ferrocanor.com\/wp-content\/uploads\/2022\/02\/logo-ferrocanor-horizontal-web-01.png","contentUrl":"https:\/\/ferrocanor.com\/wp-content\/uploads\/2022\/02\/logo-ferrocanor-horizontal-web-01.png","width":357,"height":143,"caption":"ferrocanor.com"},"image":{"@id":"http:\/\/ferrocanor.com\/#\/schema\/logo\/image\/"},"sameAs":["https:\/\/www.facebook.com\/Canor-ferro-alumini-i-PVC-171451982903235"]},{"@type":"Person","@id":"http:\/\/ferrocanor.com\/#\/schema\/person\/d0dbabe9283fc201feefb0f48e49459f","name":"silvia","image":{"@type":"ImageObject","inLanguage":"es-ES","@id":"http:\/\/ferrocanor.com\/#\/schema\/person\/image\/","url":"https:\/\/secure.gravatar.com\/avatar\/c436b2d9886a89d3c050a3c23a958a5f?s=96&d=mm&r=g","contentUrl":"https:\/\/secure.gravatar.com\/avatar\/c436b2d9886a89d3c050a3c23a958a5f?s=96&d=mm&r=g","caption":"silvia"},"url":"https:\/\/ferrocanor.com\/es\/blog\/author\/silvia\/"}]}},"_links":{"self":[{"href":"https:\/\/ferrocanor.com\/es\/wp-json\/wp\/v2\/posts\/7021"}],"collection":[{"href":"https:\/\/ferrocanor.com\/es\/wp-json\/wp\/v2\/posts"}],"about":[{"href":"https:\/\/ferrocanor.com\/es\/wp-json\/wp\/v2\/types\/post"}],"author":[{"embeddable":true,"href":"https:\/\/ferrocanor.com\/es\/wp-json\/wp\/v2\/users\/3"}],"replies":[{"embeddable":true,"href":"https:\/\/ferrocanor.com\/es\/wp-json\/wp\/v2\/comments?post=7021"}],"version-history":[{"count":4,"href":"https:\/\/ferrocanor.com\/es\/wp-json\/wp\/v2\/posts\/7021\/revisions"}],"predecessor-version":[{"id":7845,"href":"https:\/\/ferrocanor.com\/es\/wp-json\/wp\/v2\/posts\/7021\/revisions\/7845"}],"wp:featuredmedia":[{"embeddable":true,"href":"https:\/\/ferrocanor.com\/es\/wp-json\/wp\/v2\/media\/6988"}],"wp:attachment":[{"href":"https:\/\/ferrocanor.com\/es\/wp-json\/wp\/v2\/media?parent=7021"}],"wp:term":[{"taxonomy":"category","embeddable":true,"href":"https:\/\/ferrocanor.com\/es\/wp-json\/wp\/v2\/categories?post=7021"},{"taxonomy":"post_tag","embeddable":true,"href":"https:\/\/ferrocanor.com\/es\/wp-json\/wp\/v2\/tags?post=7021"}],"curies":[{"name":"wp","href":"https:\/\/api.w.org\/{rel}","templated":true}]}}