{"id":7172,"date":"2016-09-08T16:31:57","date_gmt":"2016-09-08T14:31:57","guid":{"rendered":"https:\/\/ferrocanor.com\/es\/?p=7172"},"modified":"2020-04-25T19:45:04","modified_gmt":"2020-04-25T17:45:04","slug":"ventajas-pergola-bioclimatica","status":"publish","type":"post","link":"https:\/\/ferrocanor.com\/es\/blog\/pergola-bioclimatica\/ventajas-pergola-bioclimatica\/","title":{"rendered":"Ventajas de la P\u00e9rgola bioclim\u00e1tica"},"content":{"rendered":"<p><a href=\"https:\/\/ferrocanor.com\/wp-content\/uploads\/2016\/09\/portada-blog.jpg\" rel=\"attachment wp-att-6986\" data-rel=\"lightbox-image-0\" data-rl_title=\"\" data-rl_caption=\"\" title=\"\"><img loading=\"lazy\" decoding=\"async\" class=\"wp-image-7177 size-full aligncenter\" src=\"https:\/\/ferrocanor.com\/wp-content\/uploads\/2016\/09\/portada-blog.jpg\" width=\"1000\" height=\"500\" srcset=\"https:\/\/ferrocanor.com\/wp-content\/uploads\/2016\/09\/portada-blog.jpg 1000w, https:\/\/ferrocanor.com\/wp-content\/uploads\/2016\/09\/portada-blog-300x150.jpg 300w, https:\/\/ferrocanor.com\/wp-content\/uploads\/2016\/09\/portada-blog-768x384.jpg 768w, https:\/\/ferrocanor.com\/wp-content\/uploads\/2016\/09\/portada-blog-250x125.jpg 250w\" sizes=\"(max-width: 1000px) 100vw, 1000px\" \/><\/a><\/p>\n<p>La <strong>P\u00e9rgola Bioclim\u00e1tica<\/strong>\u00a0es un nuevo sistema de protecci\u00f3n solar que le permitir\u00e1 disfrutar de la vida al aire libre en cualquier \u00e9poca del a\u00f1o. Con ella podr\u00e1 ampliar su superficie habitable sin necesidad de realizar obra en cualquier ubicaci\u00f3n, \u00a0sean cuales sean sus caracter\u00edsticas.<\/p>\n<p>Regular\u00e1 de forma natural la temperatura de su estancia, al tiempo que le proteger\u00e1 de la radiaci\u00f3n solar, lluvia, viento o cualquier otra inclemencia meteorol\u00f3gica.<\/p>\n<p>De dise\u00f1o moderno y atemporal, encajar\u00e1 perfectamente en todos los estilos arquitect\u00f3nicos y presenta un sinf\u00edn de posibilidades de modulaci\u00f3n, siendo la soluci\u00f3n ideal para terrazas o jardines en hoteles y restaurantes. Es por ello que este sistema brinda un alto grado de personalizaci\u00f3n, adapt\u00e1ndose a los diversos requerimientos est\u00e9ticos y funcionales que se precisan en la actualidad.<\/p>\n<p>Se dispone de una amplia gama de colores as\u00ed como posibilidad de bicolor y vers\u00e1tiles accesorios.<\/p>\n<h4>IMPERMEABLE Y\u00a0TRANSPIRABLE<\/h4>\n<p>La <strong>P\u00e9rgola Bioclim\u00e1tica <\/strong>es una estructura impermeable con lamas de aluminio orientables que, gracias a su motorizaci\u00f3n, posibilitan su libre movimiento. Con una est\u00e9tica de vanguardia, se asegura un dise\u00f1o atemporal adaptable a los ambientes m\u00e1s diversos. Un aspecto refinado y robusto que garantiza su durabilidad. Gracias al dise\u00f1o de sus componentes, tambi\u00e9n se puede decir que, es un sistema totalmente silencioso. Los bastidores portan un sistema de sellado perimetral registrado que act\u00faa contra la lluvia transversal, evitando el posible sonido originado por el roce con los testeros de las lamas, y el movimiento provocado por la acci\u00f3n del viento. Dicho felpudo tampoco deja pasar la luz directa y\/o por reflexi\u00f3n en los puntos de uni\u00f3n entre lamas y entre lamas y marco.<\/p>\n<p>El sistema de lamas orientables conforma un techo que permite un abanico de inclinaciones que van desde los 0\u00ba hasta los 135\u00ba, permitiendo refrescar la estancia por convecci\u00f3n natural. Este giro de las lamas permite un total aprovechamiento de la radiaci\u00f3n solar.<\/p>\n<h4>MOTORIZACI\u00d3N<\/h4>\n<p>La p\u00e9rgola se instalar\u00e1 \u00fanicamente motorizada, empleando para ello un motor de 24 Vcc. Esto tambi\u00e9n garantizar\u00e1 su seguridad frente a choque el\u00e9ctrico, con una seguridad adicional de puesta a tierra. El hecho de que todos los conductos de instalaci\u00f3n el\u00e9ctrica queden ocultos, tambi\u00e9n dar\u00e1 un mayor \u00edndice de aislamiento.<\/p>\n<h4>RECOGIDA DE AGUAS PLUVIALES<\/h4>\n<p>El dise\u00f1o de la lama permite la recogida de las aguas pluviales para su reutilizaci\u00f3n. Esta canalizaci\u00f3n del agua a los bastidores laterales no requiere de pendiente para desaguar. De este modo, tambi\u00e9n ayudar\u00e1 a proteger el mobiliario que se pudiera situar bajo la p\u00e9rgola, puesto que evita que el agua de lluvia almacenada caiga sobre ellos una vez se giren las lamas de nuevo.<\/p>\n<h4>TIPOLOGIAS DE MONTAJE<\/h4>\n<p>Es posible de ampliar la superficie habitable de su hogar o negocio sin realizaci\u00f3n de obra, ya que la p\u00e9rgola bioclim\u00e1tica se sustenta por una estructura propia. Presenta diferentes posibilidades de modulaci\u00f3n, pudiendo a\u00f1adir p\u00e9rgolas sucesivas compartiendo columnas. De este modo, se crea una soluci\u00f3n personalizada a cada proyecto, pudiendo adoptar distintas formas y tama\u00f1os para adaptarse a las diferentes edificaciones.<\/p>\n<ul>\n<li>Entre paredes<\/li>\n<li>P\u00e9rgola de 2 columnas<\/li>\n<li>P\u00e9rgola de 4 columnas (isla<\/li>\n<li>P\u00e9rgola de 4 columnas d\u00faplex<\/li>\n<\/ul>\n<h4>MATERIALES<\/h4>\n<p>Los componentes de la p\u00e9rgola garantizan perfectamente la protecci\u00f3n contra la corrosi\u00f3n ambiental. Los perfiles de aluminio extrusionado (6063 T5), as\u00ed como otros elementos estructurales y la torniller\u00eda en acero inoxidable (AISI 304), nos aseguran un mantenimiento fiable frente a su exposici\u00f3n a la intemperie.<\/p>\n<h4>PRODUCTOS OPCIONALES<\/h4>\n<p>Otros accesorios que har\u00e1n del uso de su p\u00e9rgola m\u00e1s f\u00e1cil y agradable son:<\/p>\n<ul>\n<li>Sensor de lluvia y\/o viento.<\/li>\n<li>Calefacci\u00f3n por infrarrojos.<\/li>\n<li>Emisor y central de mando.<\/li>\n<li>Iluminaci\u00f3n led en lamas, en el perimetro o en ambos.<\/li>\n<li>Sonido y transmisi\u00f3n de m\u00fasica v\u00eda Bluetooth.<\/li>\n<li>Control desde smartphone.<\/li>\n<li>Sensor de temperatura.<\/li>\n<li>Rellenos de las lamas con poliestireno<\/li>\n<\/ul>\n<div id=\"attachment_7143\" style=\"width: 260px\" class=\"wp-caption alignleft\"><a href=\"https:\/\/ferrocanor.com\/wp-content\/uploads\/2016\/09\/pergola-2.jpg\" data-rel=\"lightbox-image-1\" data-rl_title=\"\" data-rl_caption=\"\" title=\"\"><img loading=\"lazy\" decoding=\"async\" aria-describedby=\"caption-attachment-7143\" class=\"wp-image-7143 size-product-tile\" src=\"https:\/\/ferrocanor.com\/wp-content\/uploads\/2016\/09\/pergola-2-250x188.jpg\" alt=\"Detall p\u00e8rgola bioclim\u00e0tica\" width=\"250\" height=\"188\" srcset=\"https:\/\/ferrocanor.com\/wp-content\/uploads\/2016\/09\/pergola-2-250x188.jpg 250w, https:\/\/ferrocanor.com\/wp-content\/uploads\/2016\/09\/pergola-2-300x225.jpg 300w, https:\/\/ferrocanor.com\/wp-content\/uploads\/2016\/09\/pergola-2-768x576.jpg 768w, https:\/\/ferrocanor.com\/wp-content\/uploads\/2016\/09\/pergola-2.jpg 1000w\" sizes=\"(max-width: 250px) 100vw, 250px\" \/><\/a><p id=\"caption-attachment-7143\" class=\"wp-caption-text\">Visi\u00f3n de las lamas de la p\u00e9rgola bioclim\u00e1tica<\/p><\/div>\n<div id=\"attachment_7140\" style=\"width: 260px\" class=\"wp-caption alignright\"><a href=\"https:\/\/ferrocanor.com\/wp-content\/uploads\/2016\/09\/pergola-1.jpg\" data-rel=\"lightbox-image-2\" data-rl_title=\"\" data-rl_caption=\"\" title=\"\"><img loading=\"lazy\" decoding=\"async\" aria-describedby=\"caption-attachment-7140\" class=\"wp-image-7140 size-product-tile\" src=\"https:\/\/ferrocanor.com\/wp-content\/uploads\/2016\/09\/pergola-1-250x188.jpg\" alt=\"P\u00e8rgola bioclim\u00e0tica\" width=\"250\" height=\"188\" srcset=\"https:\/\/ferrocanor.com\/wp-content\/uploads\/2016\/09\/pergola-1-250x188.jpg 250w, https:\/\/ferrocanor.com\/wp-content\/uploads\/2016\/09\/pergola-1-300x225.jpg 300w, https:\/\/ferrocanor.com\/wp-content\/uploads\/2016\/09\/pergola-1-768x576.jpg 768w, https:\/\/ferrocanor.com\/wp-content\/uploads\/2016\/09\/pergola-1.jpg 1000w\" sizes=\"(max-width: 250px) 100vw, 250px\" \/><\/a><p id=\"caption-attachment-7140\" class=\"wp-caption-text\">Visi\u00f3n general de la p\u00e9rgola bioclim\u00e1tica<\/p><\/div>\n<p>&nbsp;<\/p>\n<p>&nbsp;<\/p>\n<p>&nbsp;<\/p>\n<p>&nbsp;<\/p>\n<p>&nbsp;<\/p>\n<p>&nbsp;<\/p>\n<div id=\"attachment_7137\" style=\"width: 260px\" class=\"wp-caption alignleft\"><a href=\"https:\/\/ferrocanor.com\/wp-content\/uploads\/2016\/09\/pergola-4.jpg\" data-rel=\"lightbox-image-3\" data-rl_title=\"\" data-rl_caption=\"\" title=\"\"><img loading=\"lazy\" decoding=\"async\" aria-describedby=\"caption-attachment-7137\" class=\"wp-image-7137 size-product-tile\" src=\"https:\/\/ferrocanor.com\/wp-content\/uploads\/2016\/09\/pergola-4-250x188.jpg\" alt=\"Detall p\u00e8rgola bioclim\u00e0tica\" width=\"250\" height=\"188\" srcset=\"https:\/\/ferrocanor.com\/wp-content\/uploads\/2016\/09\/pergola-4-250x188.jpg 250w, https:\/\/ferrocanor.com\/wp-content\/uploads\/2016\/09\/pergola-4-300x225.jpg 300w, https:\/\/ferrocanor.com\/wp-content\/uploads\/2016\/09\/pergola-4-768x576.jpg 768w, https:\/\/ferrocanor.com\/wp-content\/uploads\/2016\/09\/pergola-4.jpg 1000w\" sizes=\"(max-width: 250px) 100vw, 250px\" \/><\/a><p id=\"caption-attachment-7137\" class=\"wp-caption-text\">Detalle de las lamas de la p\u00e9rgola bioclim\u00e1tica<\/p><\/div>\n<div id=\"attachment_7134\" style=\"width: 260px\" class=\"wp-caption alignright\"><a href=\"https:\/\/ferrocanor.com\/wp-content\/uploads\/2016\/09\/pergola-3.jpg\" data-rel=\"lightbox-image-4\" data-rl_title=\"\" data-rl_caption=\"\" title=\"\"><img loading=\"lazy\" decoding=\"async\" aria-describedby=\"caption-attachment-7134\" class=\"wp-image-7134 size-product-tile\" src=\"https:\/\/ferrocanor.com\/wp-content\/uploads\/2016\/09\/pergola-3-250x188.jpg\" alt=\"P\u00e8rgola bioclim\u00e0tica\" width=\"250\" height=\"188\" srcset=\"https:\/\/ferrocanor.com\/wp-content\/uploads\/2016\/09\/pergola-3-250x188.jpg 250w, https:\/\/ferrocanor.com\/wp-content\/uploads\/2016\/09\/pergola-3-300x225.jpg 300w, https:\/\/ferrocanor.com\/wp-content\/uploads\/2016\/09\/pergola-3-768x576.jpg 768w, https:\/\/ferrocanor.com\/wp-content\/uploads\/2016\/09\/pergola-3.jpg 1000w\" sizes=\"(max-width: 250px) 100vw, 250px\" \/><\/a><p id=\"caption-attachment-7134\" class=\"wp-caption-text\">Visi\u00f3n general de la p\u00e9rgola bioclim\u00e1tica<\/p><\/div>\n<p>&nbsp;<\/p>\n<p>&nbsp;<\/p>\n<p>&nbsp;<\/p>\n<p>&nbsp;<\/p>\n<p>&nbsp;<\/p>\n<p>&nbsp;<\/p>\n<div id=\"attachment_7153\" style=\"width: 260px\" class=\"wp-caption alignleft\"><a href=\"https:\/\/ferrocanor.com\/wp-content\/uploads\/2016\/09\/pergola-bioclimatica-2.jpg\" data-rel=\"lightbox-image-5\" data-rl_title=\"\" data-rl_caption=\"\" title=\"\"><img loading=\"lazy\" decoding=\"async\" aria-describedby=\"caption-attachment-7153\" class=\"wp-image-7153 size-product-tile\" src=\"https:\/\/ferrocanor.com\/wp-content\/uploads\/2016\/09\/pergola-bioclimatica-2-250x188.jpg\" alt=\"Detall obertura p\u00e8rgola bioclim\u00e0tica\" width=\"250\" height=\"188\" srcset=\"https:\/\/ferrocanor.com\/wp-content\/uploads\/2016\/09\/pergola-bioclimatica-2-250x188.jpg 250w, https:\/\/ferrocanor.com\/wp-content\/uploads\/2016\/09\/pergola-bioclimatica-2-300x225.jpg 300w, https:\/\/ferrocanor.com\/wp-content\/uploads\/2016\/09\/pergola-bioclimatica-2-768x576.jpg 768w, https:\/\/ferrocanor.com\/wp-content\/uploads\/2016\/09\/pergola-bioclimatica-2.jpg 1000w\" sizes=\"(max-width: 250px) 100vw, 250px\" \/><\/a><p id=\"caption-attachment-7153\" class=\"wp-caption-text\">Detalle apertura p\u00e9rgola bioclim\u00e1tica<\/p><\/div>\n<div id=\"attachment_7150\" style=\"width: 260px\" class=\"wp-caption alignright\"><a href=\"https:\/\/ferrocanor.com\/wp-content\/uploads\/2016\/09\/pergola-bioclimatica-3.jpg\" data-rel=\"lightbox-image-6\" data-rl_title=\"\" data-rl_caption=\"\" title=\"\"><img loading=\"lazy\" decoding=\"async\" aria-describedby=\"caption-attachment-7150\" class=\"wp-image-7150 size-product-tile\" src=\"https:\/\/ferrocanor.com\/wp-content\/uploads\/2016\/09\/pergola-bioclimatica-3-250x188.jpg\" alt=\"Detall obertura p\u00e8rgola bioclim\u00e0tica\" width=\"250\" height=\"188\" srcset=\"https:\/\/ferrocanor.com\/wp-content\/uploads\/2016\/09\/pergola-bioclimatica-3-250x188.jpg 250w, https:\/\/ferrocanor.com\/wp-content\/uploads\/2016\/09\/pergola-bioclimatica-3-300x225.jpg 300w, https:\/\/ferrocanor.com\/wp-content\/uploads\/2016\/09\/pergola-bioclimatica-3-768x576.jpg 768w, https:\/\/ferrocanor.com\/wp-content\/uploads\/2016\/09\/pergola-bioclimatica-3.jpg 1000w\" sizes=\"(max-width: 250px) 100vw, 250px\" \/><\/a><p id=\"caption-attachment-7150\" class=\"wp-caption-text\">Detalle apertura p\u00e9rgola bioclim\u00e1tica<\/p><\/div>\n<p>&nbsp;<\/p>\n<p>&nbsp;<\/p>\n<p>&nbsp;<\/p>\n<p>&nbsp;<\/p>\n<p>&nbsp;<\/p>\n<p>&nbsp;<\/p>\n<div id=\"attachment_7159\" style=\"width: 260px\" class=\"wp-caption alignleft\"><a href=\"https:\/\/ferrocanor.com\/wp-content\/uploads\/2016\/09\/pergola-bioclimatica-6.jpg\" data-rel=\"lightbox-image-7\" data-rl_title=\"\" data-rl_caption=\"\" title=\"\"><img loading=\"lazy\" decoding=\"async\" aria-describedby=\"caption-attachment-7159\" class=\"wp-image-7159 size-product-tile\" src=\"https:\/\/ferrocanor.com\/wp-content\/uploads\/2016\/09\/pergola-bioclimatica-6-250x188.jpg\" alt=\"Detall tancament p\u00e8rgola bioclim\u00e0tica\" width=\"250\" height=\"188\" srcset=\"https:\/\/ferrocanor.com\/wp-content\/uploads\/2016\/09\/pergola-bioclimatica-6-250x188.jpg 250w, https:\/\/ferrocanor.com\/wp-content\/uploads\/2016\/09\/pergola-bioclimatica-6-300x225.jpg 300w, https:\/\/ferrocanor.com\/wp-content\/uploads\/2016\/09\/pergola-bioclimatica-6-768x576.jpg 768w, https:\/\/ferrocanor.com\/wp-content\/uploads\/2016\/09\/pergola-bioclimatica-6.jpg 1000w\" sizes=\"(max-width: 250px) 100vw, 250px\" \/><\/a><p id=\"caption-attachment-7159\" class=\"wp-caption-text\">Detalle cierre p\u00e9rgola bioclim\u00e1tica<\/p><\/div>\n<div id=\"attachment_7156\" style=\"width: 260px\" class=\"wp-caption alignright\"><a href=\"https:\/\/ferrocanor.com\/wp-content\/uploads\/2016\/09\/pergola-bioclimatica-1.jpg\" data-rel=\"lightbox-image-8\" data-rl_title=\"\" data-rl_caption=\"\" title=\"\"><img loading=\"lazy\" decoding=\"async\" aria-describedby=\"caption-attachment-7156\" class=\"wp-image-7156 size-product-tile\" src=\"https:\/\/ferrocanor.com\/wp-content\/uploads\/2016\/09\/pergola-bioclimatica-1-250x188.jpg\" alt=\"Detall llum p\u00e8rgola bioclim\u00e0tica\" width=\"250\" height=\"188\" srcset=\"https:\/\/ferrocanor.com\/wp-content\/uploads\/2016\/09\/pergola-bioclimatica-1-250x188.jpg 250w, https:\/\/ferrocanor.com\/wp-content\/uploads\/2016\/09\/pergola-bioclimatica-1-300x225.jpg 300w, https:\/\/ferrocanor.com\/wp-content\/uploads\/2016\/09\/pergola-bioclimatica-1-768x576.jpg 768w, https:\/\/ferrocanor.com\/wp-content\/uploads\/2016\/09\/pergola-bioclimatica-1.jpg 1000w\" sizes=\"(max-width: 250px) 100vw, 250px\" \/><\/a><p id=\"caption-attachment-7156\" class=\"wp-caption-text\">Detalle luz p\u00e9rgola bioclim\u00e1tica<\/p><\/div>\n<p>&nbsp;<\/p>\n<p>&nbsp;<\/p>\n<p>&nbsp;<\/p>\n<p>&nbsp;<\/p>\n<p>&nbsp;<\/p>\n<p>&nbsp;<\/p>\n<div id=\"attachment_7165\" style=\"width: 160px\" class=\"wp-caption alignleft\"><a href=\"https:\/\/ferrocanor.com\/wp-content\/uploads\/2016\/09\/pergola-bioclimatica-4.jpg\" data-rel=\"lightbox-image-9\" data-rl_title=\"\" data-rl_caption=\"\" title=\"\"><img loading=\"lazy\" decoding=\"async\" aria-describedby=\"caption-attachment-7165\" class=\"wp-image-7165 size-product-tile\" src=\"https:\/\/ferrocanor.com\/wp-content\/uploads\/2016\/09\/pergola-bioclimatica-4-150x200.jpg\" alt=\"Detall de la llum de la p\u00e8rgola bioclim\u00e0tica\" width=\"150\" height=\"200\" srcset=\"https:\/\/ferrocanor.com\/wp-content\/uploads\/2016\/09\/pergola-bioclimatica-4-150x200.jpg 150w, https:\/\/ferrocanor.com\/wp-content\/uploads\/2016\/09\/pergola-bioclimatica-4-225x300.jpg 225w, https:\/\/ferrocanor.com\/wp-content\/uploads\/2016\/09\/pergola-bioclimatica-4.jpg 750w\" sizes=\"(max-width: 150px) 100vw, 150px\" \/><\/a><p id=\"caption-attachment-7165\" class=\"wp-caption-text\">Detalle de la luz de la p\u00e9rgola bioclim\u00e1tica<\/p><\/div>\n<div id=\"attachment_7162\" style=\"width: 160px\" class=\"wp-caption alignright\"><a href=\"https:\/\/ferrocanor.com\/wp-content\/uploads\/2016\/09\/pergola-bioclimatica-5.jpg\" data-rel=\"lightbox-image-10\" data-rl_title=\"\" data-rl_caption=\"\" title=\"\"><img loading=\"lazy\" decoding=\"async\" aria-describedby=\"caption-attachment-7162\" class=\"wp-image-7162 size-product-tile\" src=\"https:\/\/ferrocanor.com\/wp-content\/uploads\/2016\/09\/pergola-bioclimatica-5-150x200.jpg\" alt=\"Detall part superior p\u00e8rgola bioclim\u00e0tica\" width=\"150\" height=\"200\" srcset=\"https:\/\/ferrocanor.com\/wp-content\/uploads\/2016\/09\/pergola-bioclimatica-5-150x200.jpg 150w, https:\/\/ferrocanor.com\/wp-content\/uploads\/2016\/09\/pergola-bioclimatica-5-225x300.jpg 225w, https:\/\/ferrocanor.com\/wp-content\/uploads\/2016\/09\/pergola-bioclimatica-5.jpg 750w\" sizes=\"(max-width: 150px) 100vw, 150px\" \/><\/a><p id=\"caption-attachment-7162\" class=\"wp-caption-text\">Detalle parte superior p\u00e9rgola bioclim\u00e1tica<\/p><\/div>\n<p>&nbsp;<\/p>\n","protected":false},"excerpt":{"rendered":"<p>La P\u00e9rgola Bioclim\u00e1tica\u00a0es un nuevo sistema de protecci\u00f3n solar que le permitir\u00e1 disfrutar de la vida al aire libre en cualquier \u00e9poca del a\u00f1o. Con ella podr\u00e1 ampliar su superficie habitable sin necesidad de realizar obra en cualquier ubicaci\u00f3n, \u00a0sean cuales sean sus caracter\u00edsticas. Regular\u00e1 de forma natural la temperatura de su estancia, al tiempo [&hellip;]<\/p>\n","protected":false},"author":3,"featured_media":7142,"comment_status":"open","ping_status":"open","sticky":false,"template":"","format":"standard","meta":{"_monsterinsights_skip_tracking":false,"_monsterinsights_sitenote_active":false,"_monsterinsights_sitenote_note":"","_monsterinsights_sitenote_category":0,"footnotes":""},"categories":[149],"tags":[99,100,101,144,58],"yoast_head":"<!-- This site is optimized with the Yoast SEO plugin v22.9 - https:\/\/yoast.com\/wordpress\/plugins\/seo\/ -->\n<title>P\u00e9rgola bioclim\u00e1tica y su versatilidad<\/title>\n<meta name=\"description\" content=\"Os presentamos todos los detalles de la p\u00e9rgola bioclim\u00e1tica, una buena soluci\u00f3n de protecci\u00f3n solar par su hogar, motorizable y orientable.\" \/>\n<meta name=\"robots\" content=\"index, follow, max-snippet:-1, max-image-preview:large, max-video-preview:-1\" \/>\n<link rel=\"canonical\" href=\"https:\/\/ferrocanor.com\/es\/blog\/pergola-bioclimatica\/ventajas-pergola-bioclimatica\/\" \/>\n<meta property=\"og:locale\" content=\"es_ES\" \/>\n<meta property=\"og:type\" content=\"article\" \/>\n<meta property=\"og:title\" content=\"P\u00e9rgola bioclim\u00e1tica y su versatilidad\" \/>\n<meta property=\"og:description\" content=\"Os presentamos todos los detalles de la p\u00e9rgola bioclim\u00e1tica, una buena soluci\u00f3n de protecci\u00f3n solar par su hogar, motorizable y orientable.\" \/>\n<meta property=\"og:url\" content=\"https:\/\/ferrocanor.com\/es\/blog\/pergola-bioclimatica\/ventajas-pergola-bioclimatica\/\" \/>\n<meta property=\"og:site_name\" content=\"ferrocanor.com\" \/>\n<meta property=\"article:publisher\" content=\"https:\/\/www.facebook.com\/Canor-ferro-alumini-i-PVC-171451982903235\" \/>\n<meta property=\"article:published_time\" content=\"2016-09-08T14:31:57+00:00\" \/>\n<meta property=\"article:modified_time\" content=\"2020-04-25T17:45:04+00:00\" \/>\n<meta property=\"og:image\" content=\"https:\/\/ferrocanor.com\/wp-content\/uploads\/2016\/09\/pergola-1.jpg\" \/>\n\t<meta property=\"og:image:width\" content=\"1000\" \/>\n\t<meta property=\"og:image:height\" content=\"750\" \/>\n\t<meta property=\"og:image:type\" content=\"image\/jpeg\" \/>\n<meta name=\"author\" content=\"silvia\" \/>\n<meta name=\"twitter:label1\" content=\"Written by\" \/>\n\t<meta name=\"twitter:data1\" content=\"silvia\" \/>\n\t<meta name=\"twitter:label2\" content=\"Est. reading time\" \/>\n\t<meta name=\"twitter:data2\" content=\"4 minutes\" \/>\n<script type=\"application\/ld+json\" class=\"yoast-schema-graph\">{\"@context\":\"https:\/\/schema.org\",\"@graph\":[{\"@type\":\"Article\",\"@id\":\"https:\/\/ferrocanor.com\/es\/blog\/pergola-bioclimatica\/ventajas-pergola-bioclimatica\/#article\",\"isPartOf\":{\"@id\":\"https:\/\/ferrocanor.com\/es\/blog\/pergola-bioclimatica\/ventajas-pergola-bioclimatica\/\"},\"author\":{\"name\":\"silvia\",\"@id\":\"http:\/\/ferrocanor.com\/#\/schema\/person\/d0dbabe9283fc201feefb0f48e49459f\"},\"headline\":\"Ventajas de la P\u00e9rgola bioclim\u00e1tica\",\"datePublished\":\"2016-09-08T14:31:57+00:00\",\"dateModified\":\"2020-04-25T17:45:04+00:00\",\"mainEntityOfPage\":{\"@id\":\"https:\/\/ferrocanor.com\/es\/blog\/pergola-bioclimatica\/ventajas-pergola-bioclimatica\/\"},\"wordCount\":861,\"commentCount\":0,\"publisher\":{\"@id\":\"http:\/\/ferrocanor.com\/#organization\"},\"image\":{\"@id\":\"https:\/\/ferrocanor.com\/es\/blog\/pergola-bioclimatica\/ventajas-pergola-bioclimatica\/#primaryimage\"},\"thumbnailUrl\":\"https:\/\/ferrocanor.com\/wp-content\/uploads\/2016\/09\/pergola-1.jpg\",\"keywords\":[\"#pergola\",\"#pergolabioclimatica\",\"#proteccionsolar\",\"#protecciosolar\",\"calidad\"],\"articleSection\":[\"P\u00e9rgola Bioclim\u00e1tica\"],\"inLanguage\":\"es-ES\",\"potentialAction\":[{\"@type\":\"CommentAction\",\"name\":\"Comment\",\"target\":[\"https:\/\/ferrocanor.com\/es\/blog\/pergola-bioclimatica\/ventajas-pergola-bioclimatica\/#respond\"]}]},{\"@type\":\"WebPage\",\"@id\":\"https:\/\/ferrocanor.com\/es\/blog\/pergola-bioclimatica\/ventajas-pergola-bioclimatica\/\",\"url\":\"https:\/\/ferrocanor.com\/es\/blog\/pergola-bioclimatica\/ventajas-pergola-bioclimatica\/\",\"name\":\"P\u00e9rgola bioclim\u00e1tica y su versatilidad\",\"isPartOf\":{\"@id\":\"http:\/\/ferrocanor.com\/#website\"},\"primaryImageOfPage\":{\"@id\":\"https:\/\/ferrocanor.com\/es\/blog\/pergola-bioclimatica\/ventajas-pergola-bioclimatica\/#primaryimage\"},\"image\":{\"@id\":\"https:\/\/ferrocanor.com\/es\/blog\/pergola-bioclimatica\/ventajas-pergola-bioclimatica\/#primaryimage\"},\"thumbnailUrl\":\"https:\/\/ferrocanor.com\/wp-content\/uploads\/2016\/09\/pergola-1.jpg\",\"datePublished\":\"2016-09-08T14:31:57+00:00\",\"dateModified\":\"2020-04-25T17:45:04+00:00\",\"description\":\"Os presentamos todos los detalles de la p\u00e9rgola bioclim\u00e1tica, una buena soluci\u00f3n de protecci\u00f3n solar par su hogar, motorizable y orientable.\",\"breadcrumb\":{\"@id\":\"https:\/\/ferrocanor.com\/es\/blog\/pergola-bioclimatica\/ventajas-pergola-bioclimatica\/#breadcrumb\"},\"inLanguage\":\"es-ES\",\"potentialAction\":[{\"@type\":\"ReadAction\",\"target\":[\"https:\/\/ferrocanor.com\/es\/blog\/pergola-bioclimatica\/ventajas-pergola-bioclimatica\/\"]}]},{\"@type\":\"ImageObject\",\"inLanguage\":\"es-ES\",\"@id\":\"https:\/\/ferrocanor.com\/es\/blog\/pergola-bioclimatica\/ventajas-pergola-bioclimatica\/#primaryimage\",\"url\":\"https:\/\/ferrocanor.com\/wp-content\/uploads\/2016\/09\/pergola-1.jpg\",\"contentUrl\":\"https:\/\/ferrocanor.com\/wp-content\/uploads\/2016\/09\/pergola-1.jpg\",\"width\":1000,\"height\":750},{\"@type\":\"BreadcrumbList\",\"@id\":\"https:\/\/ferrocanor.com\/es\/blog\/pergola-bioclimatica\/ventajas-pergola-bioclimatica\/#breadcrumb\",\"itemListElement\":[{\"@type\":\"ListItem\",\"position\":1,\"name\":\"Home\",\"item\":\"http:\/\/ferrocanor.com\/es\/\"},{\"@type\":\"ListItem\",\"position\":2,\"name\":\"Ventajas de la P\u00e9rgola bioclim\u00e1tica\"}]},{\"@type\":\"WebSite\",\"@id\":\"http:\/\/ferrocanor.com\/#website\",\"url\":\"http:\/\/ferrocanor.com\/\",\"name\":\"ferrocanor.com\",\"description\":\"Hierro - Aluminio - PVC\",\"publisher\":{\"@id\":\"http:\/\/ferrocanor.com\/#organization\"},\"potentialAction\":[{\"@type\":\"SearchAction\",\"target\":{\"@type\":\"EntryPoint\",\"urlTemplate\":\"http:\/\/ferrocanor.com\/?s={search_term_string}\"},\"query-input\":\"required name=search_term_string\"}],\"inLanguage\":\"es-ES\"},{\"@type\":\"Organization\",\"@id\":\"http:\/\/ferrocanor.com\/#organization\",\"name\":\"ferrocanor.com\",\"url\":\"http:\/\/ferrocanor.com\/\",\"logo\":{\"@type\":\"ImageObject\",\"inLanguage\":\"es-ES\",\"@id\":\"http:\/\/ferrocanor.com\/#\/schema\/logo\/image\/\",\"url\":\"https:\/\/ferrocanor.com\/wp-content\/uploads\/2022\/02\/logo-ferrocanor-horizontal-web-01.png\",\"contentUrl\":\"https:\/\/ferrocanor.com\/wp-content\/uploads\/2022\/02\/logo-ferrocanor-horizontal-web-01.png\",\"width\":357,\"height\":143,\"caption\":\"ferrocanor.com\"},\"image\":{\"@id\":\"http:\/\/ferrocanor.com\/#\/schema\/logo\/image\/\"},\"sameAs\":[\"https:\/\/www.facebook.com\/Canor-ferro-alumini-i-PVC-171451982903235\"]},{\"@type\":\"Person\",\"@id\":\"http:\/\/ferrocanor.com\/#\/schema\/person\/d0dbabe9283fc201feefb0f48e49459f\",\"name\":\"silvia\",\"image\":{\"@type\":\"ImageObject\",\"inLanguage\":\"es-ES\",\"@id\":\"http:\/\/ferrocanor.com\/#\/schema\/person\/image\/\",\"url\":\"https:\/\/secure.gravatar.com\/avatar\/c436b2d9886a89d3c050a3c23a958a5f?s=96&d=mm&r=g\",\"contentUrl\":\"https:\/\/secure.gravatar.com\/avatar\/c436b2d9886a89d3c050a3c23a958a5f?s=96&d=mm&r=g\",\"caption\":\"silvia\"},\"url\":\"https:\/\/ferrocanor.com\/es\/blog\/author\/silvia\/\"}]}<\/script>\n<!-- \/ Yoast SEO plugin. -->","yoast_head_json":{"title":"P\u00e9rgola bioclim\u00e1tica y su versatilidad","description":"Os presentamos todos los detalles de la p\u00e9rgola bioclim\u00e1tica, una buena soluci\u00f3n de protecci\u00f3n solar par su hogar, motorizable y orientable.","robots":{"index":"index","follow":"follow","max-snippet":"max-snippet:-1","max-image-preview":"max-image-preview:large","max-video-preview":"max-video-preview:-1"},"canonical":"https:\/\/ferrocanor.com\/es\/blog\/pergola-bioclimatica\/ventajas-pergola-bioclimatica\/","og_locale":"es_ES","og_type":"article","og_title":"P\u00e9rgola bioclim\u00e1tica y su versatilidad","og_description":"Os presentamos todos los detalles de la p\u00e9rgola bioclim\u00e1tica, una buena soluci\u00f3n de protecci\u00f3n solar par su hogar, motorizable y orientable.","og_url":"https:\/\/ferrocanor.com\/es\/blog\/pergola-bioclimatica\/ventajas-pergola-bioclimatica\/","og_site_name":"ferrocanor.com","article_publisher":"https:\/\/www.facebook.com\/Canor-ferro-alumini-i-PVC-171451982903235","article_published_time":"2016-09-08T14:31:57+00:00","article_modified_time":"2020-04-25T17:45:04+00:00","og_image":[{"width":1000,"height":750,"url":"https:\/\/ferrocanor.com\/wp-content\/uploads\/2016\/09\/pergola-1.jpg","type":"image\/jpeg"}],"author":"silvia","twitter_misc":{"Written by":"silvia","Est. reading time":"4 minutes"},"schema":{"@context":"https:\/\/schema.org","@graph":[{"@type":"Article","@id":"https:\/\/ferrocanor.com\/es\/blog\/pergola-bioclimatica\/ventajas-pergola-bioclimatica\/#article","isPartOf":{"@id":"https:\/\/ferrocanor.com\/es\/blog\/pergola-bioclimatica\/ventajas-pergola-bioclimatica\/"},"author":{"name":"silvia","@id":"http:\/\/ferrocanor.com\/#\/schema\/person\/d0dbabe9283fc201feefb0f48e49459f"},"headline":"Ventajas de la P\u00e9rgola bioclim\u00e1tica","datePublished":"2016-09-08T14:31:57+00:00","dateModified":"2020-04-25T17:45:04+00:00","mainEntityOfPage":{"@id":"https:\/\/ferrocanor.com\/es\/blog\/pergola-bioclimatica\/ventajas-pergola-bioclimatica\/"},"wordCount":861,"commentCount":0,"publisher":{"@id":"http:\/\/ferrocanor.com\/#organization"},"image":{"@id":"https:\/\/ferrocanor.com\/es\/blog\/pergola-bioclimatica\/ventajas-pergola-bioclimatica\/#primaryimage"},"thumbnailUrl":"https:\/\/ferrocanor.com\/wp-content\/uploads\/2016\/09\/pergola-1.jpg","keywords":["#pergola","#pergolabioclimatica","#proteccionsolar","#protecciosolar","calidad"],"articleSection":["P\u00e9rgola Bioclim\u00e1tica"],"inLanguage":"es-ES","potentialAction":[{"@type":"CommentAction","name":"Comment","target":["https:\/\/ferrocanor.com\/es\/blog\/pergola-bioclimatica\/ventajas-pergola-bioclimatica\/#respond"]}]},{"@type":"WebPage","@id":"https:\/\/ferrocanor.com\/es\/blog\/pergola-bioclimatica\/ventajas-pergola-bioclimatica\/","url":"https:\/\/ferrocanor.com\/es\/blog\/pergola-bioclimatica\/ventajas-pergola-bioclimatica\/","name":"P\u00e9rgola bioclim\u00e1tica y su versatilidad","isPartOf":{"@id":"http:\/\/ferrocanor.com\/#website"},"primaryImageOfPage":{"@id":"https:\/\/ferrocanor.com\/es\/blog\/pergola-bioclimatica\/ventajas-pergola-bioclimatica\/#primaryimage"},"image":{"@id":"https:\/\/ferrocanor.com\/es\/blog\/pergola-bioclimatica\/ventajas-pergola-bioclimatica\/#primaryimage"},"thumbnailUrl":"https:\/\/ferrocanor.com\/wp-content\/uploads\/2016\/09\/pergola-1.jpg","datePublished":"2016-09-08T14:31:57+00:00","dateModified":"2020-04-25T17:45:04+00:00","description":"Os presentamos todos los detalles de la p\u00e9rgola bioclim\u00e1tica, una buena soluci\u00f3n de protecci\u00f3n solar par su hogar, motorizable y orientable.","breadcrumb":{"@id":"https:\/\/ferrocanor.com\/es\/blog\/pergola-bioclimatica\/ventajas-pergola-bioclimatica\/#breadcrumb"},"inLanguage":"es-ES","potentialAction":[{"@type":"ReadAction","target":["https:\/\/ferrocanor.com\/es\/blog\/pergola-bioclimatica\/ventajas-pergola-bioclimatica\/"]}]},{"@type":"ImageObject","inLanguage":"es-ES","@id":"https:\/\/ferrocanor.com\/es\/blog\/pergola-bioclimatica\/ventajas-pergola-bioclimatica\/#primaryimage","url":"https:\/\/ferrocanor.com\/wp-content\/uploads\/2016\/09\/pergola-1.jpg","contentUrl":"https:\/\/ferrocanor.com\/wp-content\/uploads\/2016\/09\/pergola-1.jpg","width":1000,"height":750},{"@type":"BreadcrumbList","@id":"https:\/\/ferrocanor.com\/es\/blog\/pergola-bioclimatica\/ventajas-pergola-bioclimatica\/#breadcrumb","itemListElement":[{"@type":"ListItem","position":1,"name":"Home","item":"http:\/\/ferrocanor.com\/es\/"},{"@type":"ListItem","position":2,"name":"Ventajas de la P\u00e9rgola bioclim\u00e1tica"}]},{"@type":"WebSite","@id":"http:\/\/ferrocanor.com\/#website","url":"http:\/\/ferrocanor.com\/","name":"ferrocanor.com","description":"Hierro - Aluminio - PVC","publisher":{"@id":"http:\/\/ferrocanor.com\/#organization"},"potentialAction":[{"@type":"SearchAction","target":{"@type":"EntryPoint","urlTemplate":"http:\/\/ferrocanor.com\/?s={search_term_string}"},"query-input":"required name=search_term_string"}],"inLanguage":"es-ES"},{"@type":"Organization","@id":"http:\/\/ferrocanor.com\/#organization","name":"ferrocanor.com","url":"http:\/\/ferrocanor.com\/","logo":{"@type":"ImageObject","inLanguage":"es-ES","@id":"http:\/\/ferrocanor.com\/#\/schema\/logo\/image\/","url":"https:\/\/ferrocanor.com\/wp-content\/uploads\/2022\/02\/logo-ferrocanor-horizontal-web-01.png","contentUrl":"https:\/\/ferrocanor.com\/wp-content\/uploads\/2022\/02\/logo-ferrocanor-horizontal-web-01.png","width":357,"height":143,"caption":"ferrocanor.com"},"image":{"@id":"http:\/\/ferrocanor.com\/#\/schema\/logo\/image\/"},"sameAs":["https:\/\/www.facebook.com\/Canor-ferro-alumini-i-PVC-171451982903235"]},{"@type":"Person","@id":"http:\/\/ferrocanor.com\/#\/schema\/person\/d0dbabe9283fc201feefb0f48e49459f","name":"silvia","image":{"@type":"ImageObject","inLanguage":"es-ES","@id":"http:\/\/ferrocanor.com\/#\/schema\/person\/image\/","url":"https:\/\/secure.gravatar.com\/avatar\/c436b2d9886a89d3c050a3c23a958a5f?s=96&d=mm&r=g","contentUrl":"https:\/\/secure.gravatar.com\/avatar\/c436b2d9886a89d3c050a3c23a958a5f?s=96&d=mm&r=g","caption":"silvia"},"url":"https:\/\/ferrocanor.com\/es\/blog\/author\/silvia\/"}]}},"_links":{"self":[{"href":"https:\/\/ferrocanor.com\/es\/wp-json\/wp\/v2\/posts\/7172"}],"collection":[{"href":"https:\/\/ferrocanor.com\/es\/wp-json\/wp\/v2\/posts"}],"about":[{"href":"https:\/\/ferrocanor.com\/es\/wp-json\/wp\/v2\/types\/post"}],"author":[{"embeddable":true,"href":"https:\/\/ferrocanor.com\/es\/wp-json\/wp\/v2\/users\/3"}],"replies":[{"embeddable":true,"href":"https:\/\/ferrocanor.com\/es\/wp-json\/wp\/v2\/comments?post=7172"}],"version-history":[{"count":6,"href":"https:\/\/ferrocanor.com\/es\/wp-json\/wp\/v2\/posts\/7172\/revisions"}],"predecessor-version":[{"id":8219,"href":"https:\/\/ferrocanor.com\/es\/wp-json\/wp\/v2\/posts\/7172\/revisions\/8219"}],"wp:featuredmedia":[{"embeddable":true,"href":"https:\/\/ferrocanor.com\/es\/wp-json\/wp\/v2\/media\/7142"}],"wp:attachment":[{"href":"https:\/\/ferrocanor.com\/es\/wp-json\/wp\/v2\/media?parent=7172"}],"wp:term":[{"taxonomy":"category","embeddable":true,"href":"https:\/\/ferrocanor.com\/es\/wp-json\/wp\/v2\/categories?post=7172"},{"taxonomy":"post_tag","embeddable":true,"href":"https:\/\/ferrocanor.com\/es\/wp-json\/wp\/v2\/tags?post=7172"}],"curies":[{"name":"wp","href":"https:\/\/api.w.org\/{rel}","templated":true}]}}